{"id":103,"date":"2023-12-19T16:19:19","date_gmt":"2023-12-19T16:19:19","guid":{"rendered":"https:\/\/www.producempresarial.pe\/?p=103"},"modified":"2024-01-09T08:06:05","modified_gmt":"2024-01-09T13:06:05","slug":"produce-implementa-seis-mesas-de-trabajo-para-la-reactivacion-de-las-mype-a-nivel-nacional-2","status":"publish","type":"post","link":"https:\/\/www.producempresarial.pe\/en\/produce-implementa-seis-mesas-de-trabajo-para-la-reactivacion-de-las-mype-a-nivel-nacional-2\/","title":{"rendered":"Produce implementa seis mesas de trabajo para la reactivaci\u00f3n de las MYPE a nivel nacional"},"content":{"rendered":"<p>Con la presencia de m\u00e1s de 100 representantes de gremios de la micro y peque\u00f1a empresa (MYPE) del pa\u00eds, la ministra de la Producci\u00f3n, Ana Mar\u00eda Choquehuanca, realiz\u00f3 el lanzamiento de las mesas de trabajo \u201cReactivando a las MYPE\u201d, que se desarrollar\u00e1n del 25 al 27 de octubre.<\/p>\n\n\n\n<p>\u201cHoy iniciamos un camino de escucha directa, donde cada uno de ustedes tendr\u00e1 la oportunidad de plantear diversas medidas de reactivaci\u00f3n que tanto le urge a su sector. Estos planteamientos ser\u00e1n sistematizados por los especialistas y servir\u00e1n como insumo principal para contribuir a la identificaci\u00f3n de las medidas de alto impacto que desde el ministerio ya venimos trabajando\u201d, indic\u00f3 la titular de Produce.<\/p>\n\n\n\n<p>Las mesas de trabajo que buscan marcar la pol\u00edtica p\u00fablica dirigida al sector de las MYPE ser\u00e1n: Defensa de la industria nacional y mecanismos para el fortalecimiento de la industria, Seguridad para la actividad econ\u00f3mica, Compras a MYPEr\u00fa, Institucionalidad, Financiamiento y Tributario.<\/p>\n\n\n\n<p>Asimismo, la ministra se\u00f1al\u00f3 que, en torno a la coyuntura, Produce busca alternativas que permitan una plena reactivaci\u00f3n econ\u00f3mica del pa\u00eds, considerando que el tejido empresarial est\u00e1 conformado por el 99 % de micro y peque\u00f1as empresas.&nbsp;<\/p>","protected":false},"excerpt":{"rendered":"<p>Con la presencia de m\u00e1s de 100 representantes de gremios de la micro y peque\u00f1a empresa (MYPE) del pa\u00eds, la ministra de la Producci\u00f3n, Ana Mar\u00eda Choquehuanca, realiz\u00f3 el lanzamiento de las mesas de trabajo \u201cReactivando a las MYPE\u201d, que se desarrollar\u00e1n del 25 al 27 de octubre. \u201cHoy iniciamos un camino de escucha directa, &#8230; <a title=\"Produce implementa seis mesas de trabajo para la reactivaci\u00f3n de las MYPE a nivel nacional\" class=\"read-more\" href=\"https:\/\/www.producempresarial.pe\/en\/produce-implementa-seis-mesas-de-trabajo-para-la-reactivacion-de-las-mype-a-nivel-nacional-2\/\" aria-label=\"Read more about Produce implementa seis mesas de trabajo para la reactivaci\u00f3n de las MYPE a nivel nacional\">Read more<\/a><\/p>","protected":false},"author":1,"featured_media":104,"comment_status":"open","ping_status":"open","sticky":false,"template":"","format":"standard","meta":{"_acf_changed":false,"footnotes":""},"categories":[2],"tags":[],"class_list":["post-103","post","type-post","status-publish","format-standard","has-post-thumbnail","hentry","category-eventos"],"acf":[],"yoast_head":"<!-- This site is optimized with the Yoast SEO plugin v27.1.1 - https:\/\/yoast.com\/product\/yoast-seo-wordpress\/ -->\n<title>Produce implementa seis mesas de trabajo para la reactivaci\u00f3n de las MYPE a nivel nacional - Observatorio PRODUCEmpresarial<\/title>\n<meta name=\"robots\" content=\"index, follow, max-snippet:-1, max-image-preview:large, max-video-preview:-1\" \/>\n<link rel=\"canonical\" href=\"https:\/\/www.producempresarial.pe\/en\/produce-implementa-seis-mesas-de-trabajo-para-la-reactivacion-de-las-mype-a-nivel-nacional-2\/\" \/>\n<meta property=\"og:locale\" content=\"en_US\" \/>\n<meta property=\"og:type\" content=\"article\" \/>\n<meta property=\"og:title\" content=\"Produce implementa seis mesas de trabajo para la reactivaci\u00f3n de las MYPE a nivel nacional - Observatorio PRODUCEmpresarial\" \/>\n<meta property=\"og:description\" content=\"Con la presencia de m\u00e1s de 100 representantes de gremios de la micro y peque\u00f1a empresa (MYPE) del pa\u00eds, la ministra de la Producci\u00f3n, Ana Mar\u00eda Choquehuanca, realiz\u00f3 el lanzamiento de las mesas de trabajo \u201cReactivando a las MYPE\u201d, que se desarrollar\u00e1n del 25 al 27 de octubre. \u201cHoy iniciamos un camino de escucha directa, ... Read more\" \/>\n<meta property=\"og:url\" content=\"https:\/\/www.producempresarial.pe\/en\/produce-implementa-seis-mesas-de-trabajo-para-la-reactivacion-de-las-mype-a-nivel-nacional-2\/\" \/>\n<meta property=\"og:site_name\" content=\"Observatorio PRODUCEmpresarial\" \/>\n<meta property=\"article:published_time\" content=\"2023-12-19T16:19:19+00:00\" \/>\n<meta property=\"article:modified_time\" content=\"2024-01-09T13:06:05+00:00\" \/>\n<meta property=\"og:image\" content=\"https:\/\/www.producempresarial.pe\/wp-content\/uploads\/2023\/12\/9.jpeg\" \/>\n\t<meta property=\"og:image:width\" content=\"645\" \/>\n\t<meta property=\"og:image:height\" content=\"363\" \/>\n\t<meta property=\"og:image:type\" content=\"image\/jpeg\" \/>\n<meta name=\"author\" content=\"admin\" \/>\n<meta name=\"twitter:card\" content=\"summary_large_image\" \/>\n<meta name=\"twitter:label1\" content=\"Written por\" \/>\n\t<meta name=\"twitter:data1\" content=\"admin\" \/>\n\t<meta name=\"twitter:label2\" content=\"Est. reading time\" \/>\n\t<meta name=\"twitter:data2\" content=\"1 minute\" \/>\n<script type=\"application\/ld+json\" class=\"yoast-schema-graph\">{\"@context\":\"https:\/\/schema.org\",\"@graph\":[{\"@type\":\"Article\",\"@id\":\"https:\/\/www.producempresarial.pe\/produce-implementa-seis-mesas-de-trabajo-para-la-reactivacion-de-las-mype-a-nivel-nacional-2\/#article\",\"isPartOf\":{\"@id\":\"https:\/\/www.producempresarial.pe\/produce-implementa-seis-mesas-de-trabajo-para-la-reactivacion-de-las-mype-a-nivel-nacional-2\/\"},\"author\":{\"name\":\"admin\",\"@id\":\"https:\/\/www.producempresarial.pe\/#\/schema\/person\/6e13e1f2f8fc108ce3789cbdb23a5d21\"},\"headline\":\"Produce implementa seis mesas de trabajo para la reactivaci\u00f3n de las MYPE a nivel nacional\",\"datePublished\":\"2023-12-19T16:19:19+00:00\",\"dateModified\":\"2024-01-09T13:06:05+00:00\",\"mainEntityOfPage\":{\"@id\":\"https:\/\/www.producempresarial.pe\/produce-implementa-seis-mesas-de-trabajo-para-la-reactivacion-de-las-mype-a-nivel-nacional-2\/\"},\"wordCount\":221,\"commentCount\":0,\"publisher\":{\"@id\":\"https:\/\/www.producempresarial.pe\/#organization\"},\"image\":{\"@id\":\"https:\/\/www.producempresarial.pe\/produce-implementa-seis-mesas-de-trabajo-para-la-reactivacion-de-las-mype-a-nivel-nacional-2\/#primaryimage\"},\"thumbnailUrl\":\"https:\/\/www.producempresarial.pe\/wp-content\/uploads\/2023\/12\/9.jpeg\",\"articleSection\":[\"Eventos\"],\"inLanguage\":\"en-US\",\"potentialAction\":[{\"@type\":\"CommentAction\",\"name\":\"Comment\",\"target\":[\"https:\/\/www.producempresarial.pe\/produce-implementa-seis-mesas-de-trabajo-para-la-reactivacion-de-las-mype-a-nivel-nacional-2\/#respond\"]}]},{\"@type\":\"WebPage\",\"@id\":\"https:\/\/www.producempresarial.pe\/produce-implementa-seis-mesas-de-trabajo-para-la-reactivacion-de-las-mype-a-nivel-nacional-2\/\",\"url\":\"https:\/\/www.producempresarial.pe\/produce-implementa-seis-mesas-de-trabajo-para-la-reactivacion-de-las-mype-a-nivel-nacional-2\/\",\"name\":\"Produce implementa seis mesas de trabajo para la reactivaci\u00f3n de las MYPE a nivel nacional - Observatorio PRODUCEmpresarial\",\"isPartOf\":{\"@id\":\"https:\/\/www.producempresarial.pe\/#website\"},\"primaryImageOfPage\":{\"@id\":\"https:\/\/www.producempresarial.pe\/produce-implementa-seis-mesas-de-trabajo-para-la-reactivacion-de-las-mype-a-nivel-nacional-2\/#primaryimage\"},\"image\":{\"@id\":\"https:\/\/www.producempresarial.pe\/produce-implementa-seis-mesas-de-trabajo-para-la-reactivacion-de-las-mype-a-nivel-nacional-2\/#primaryimage\"},\"thumbnailUrl\":\"https:\/\/www.producempresarial.pe\/wp-content\/uploads\/2023\/12\/9.jpeg\",\"datePublished\":\"2023-12-19T16:19:19+00:00\",\"dateModified\":\"2024-01-09T13:06:05+00:00\",\"breadcrumb\":{\"@id\":\"https:\/\/www.producempresarial.pe\/produce-implementa-seis-mesas-de-trabajo-para-la-reactivacion-de-las-mype-a-nivel-nacional-2\/#breadcrumb\"},\"inLanguage\":\"en-US\",\"potentialAction\":[{\"@type\":\"ReadAction\",\"target\":[\"https:\/\/www.producempresarial.pe\/produce-implementa-seis-mesas-de-trabajo-para-la-reactivacion-de-las-mype-a-nivel-nacional-2\/\"]}]},{\"@type\":\"ImageObject\",\"inLanguage\":\"en-US\",\"@id\":\"https:\/\/www.producempresarial.pe\/produce-implementa-seis-mesas-de-trabajo-para-la-reactivacion-de-las-mype-a-nivel-nacional-2\/#primaryimage\",\"url\":\"https:\/\/www.producempresarial.pe\/wp-content\/uploads\/2023\/12\/9.jpeg\",\"contentUrl\":\"https:\/\/www.producempresarial.pe\/wp-content\/uploads\/2023\/12\/9.jpeg\",\"width\":645,\"height\":363},{\"@type\":\"BreadcrumbList\",\"@id\":\"https:\/\/www.producempresarial.pe\/produce-implementa-seis-mesas-de-trabajo-para-la-reactivacion-de-las-mype-a-nivel-nacional-2\/#breadcrumb\",\"itemListElement\":[{\"@type\":\"ListItem\",\"position\":1,\"name\":\"Home\",\"item\":\"https:\/\/www.producempresarial.pe\/\"},{\"@type\":\"ListItem\",\"position\":2,\"name\":\"Produce implementa seis mesas de trabajo para la reactivaci\u00f3n de las MYPE a nivel nacional\"}]},{\"@type\":\"WebSite\",\"@id\":\"https:\/\/www.producempresarial.pe\/#website\",\"url\":\"https:\/\/www.producempresarial.pe\/\",\"name\":\"Observatorio PRODUCEmpresarial\",\"description\":\"Herramienta estrat\u00e9gica que integra y genera peri\u00f3dicamente evidencia y an\u00e1lisis sobre el desempe\u00f1o productivo del sector empresarial, as\u00ed como contribuye en la difusi\u00f3n de informaci\u00f3n y documentos t\u00e9cnicos anal\u00edticos y especializados sobre el desempe\u00f1o de las empresas en el Per\u00fa.\",\"publisher\":{\"@id\":\"https:\/\/www.producempresarial.pe\/#organization\"},\"potentialAction\":[{\"@type\":\"SearchAction\",\"target\":{\"@type\":\"EntryPoint\",\"urlTemplate\":\"https:\/\/www.producempresarial.pe\/?s={search_term_string}\"},\"query-input\":{\"@type\":\"PropertyValueSpecification\",\"valueRequired\":true,\"valueName\":\"search_term_string\"}}],\"inLanguage\":\"en-US\"},{\"@type\":\"Organization\",\"@id\":\"https:\/\/www.producempresarial.pe\/#organization\",\"name\":\"PRDOUCE\",\"url\":\"https:\/\/www.producempresarial.pe\/\",\"logo\":{\"@type\":\"ImageObject\",\"inLanguage\":\"en-US\",\"@id\":\"https:\/\/www.producempresarial.pe\/#\/schema\/logo\/image\/\",\"url\":\"https:\/\/www.producempresarial.pe\/wp-content\/uploads\/2024\/02\/image-logo-share.png\",\"contentUrl\":\"https:\/\/www.producempresarial.pe\/wp-content\/uploads\/2024\/02\/image-logo-share.png\",\"width\":1200,\"height\":628,\"caption\":\"PRDOUCE\"},\"image\":{\"@id\":\"https:\/\/www.producempresarial.pe\/#\/schema\/logo\/image\/\"}},{\"@type\":\"Person\",\"@id\":\"https:\/\/www.producempresarial.pe\/#\/schema\/person\/6e13e1f2f8fc108ce3789cbdb23a5d21\",\"name\":\"admin\",\"sameAs\":[\"https:\/\/www.producempresarial.pe\"],\"url\":\"https:\/\/www.producempresarial.pe\/en\/author\/admin\/\"}]}<\/script>\n<!-- \/ Yoast SEO plugin. -->","yoast_head_json":{"title":"Produce implementa seis mesas de trabajo para la reactivaci\u00f3n de las MYPE a nivel nacional - Observatorio PRODUCEmpresarial","robots":{"index":"index","follow":"follow","max-snippet":"max-snippet:-1","max-image-preview":"max-image-preview:large","max-video-preview":"max-video-preview:-1"},"canonical":"https:\/\/www.producempresarial.pe\/en\/produce-implementa-seis-mesas-de-trabajo-para-la-reactivacion-de-las-mype-a-nivel-nacional-2\/","og_locale":"en_US","og_type":"article","og_title":"Produce implementa seis mesas de trabajo para la reactivaci\u00f3n de las MYPE a nivel nacional - Observatorio PRODUCEmpresarial","og_description":"Con la presencia de m\u00e1s de 100 representantes de gremios de la micro y peque\u00f1a empresa (MYPE) del pa\u00eds, la ministra de la Producci\u00f3n, Ana Mar\u00eda Choquehuanca, realiz\u00f3 el lanzamiento de las mesas de trabajo \u201cReactivando a las MYPE\u201d, que se desarrollar\u00e1n del 25 al 27 de octubre. \u201cHoy iniciamos un camino de escucha directa, ... Read more","og_url":"https:\/\/www.producempresarial.pe\/en\/produce-implementa-seis-mesas-de-trabajo-para-la-reactivacion-de-las-mype-a-nivel-nacional-2\/","og_site_name":"Observatorio PRODUCEmpresarial","article_published_time":"2023-12-19T16:19:19+00:00","article_modified_time":"2024-01-09T13:06:05+00:00","og_image":[{"width":645,"height":363,"url":"https:\/\/www.producempresarial.pe\/wp-content\/uploads\/2023\/12\/9.jpeg","type":"image\/jpeg"}],"author":"admin","twitter_card":"summary_large_image","twitter_misc":{"Written por":"admin","Est. reading time":"1 minute"},"schema":{"@context":"https:\/\/schema.org","@graph":[{"@type":"Article","@id":"https:\/\/www.producempresarial.pe\/produce-implementa-seis-mesas-de-trabajo-para-la-reactivacion-de-las-mype-a-nivel-nacional-2\/#article","isPartOf":{"@id":"https:\/\/www.producempresarial.pe\/produce-implementa-seis-mesas-de-trabajo-para-la-reactivacion-de-las-mype-a-nivel-nacional-2\/"},"author":{"name":"admin","@id":"https:\/\/www.producempresarial.pe\/#\/schema\/person\/6e13e1f2f8fc108ce3789cbdb23a5d21"},"headline":"Produce implementa seis mesas de trabajo para la reactivaci\u00f3n de las MYPE a nivel nacional","datePublished":"2023-12-19T16:19:19+00:00","dateModified":"2024-01-09T13:06:05+00:00","mainEntityOfPage":{"@id":"https:\/\/www.producempresarial.pe\/produce-implementa-seis-mesas-de-trabajo-para-la-reactivacion-de-las-mype-a-nivel-nacional-2\/"},"wordCount":221,"commentCount":0,"publisher":{"@id":"https:\/\/www.producempresarial.pe\/#organization"},"image":{"@id":"https:\/\/www.producempresarial.pe\/produce-implementa-seis-mesas-de-trabajo-para-la-reactivacion-de-las-mype-a-nivel-nacional-2\/#primaryimage"},"thumbnailUrl":"https:\/\/www.producempresarial.pe\/wp-content\/uploads\/2023\/12\/9.jpeg","articleSection":["Eventos"],"inLanguage":"en-US","potentialAction":[{"@type":"CommentAction","name":"Comment","target":["https:\/\/www.producempresarial.pe\/produce-implementa-seis-mesas-de-trabajo-para-la-reactivacion-de-las-mype-a-nivel-nacional-2\/#respond"]}]},{"@type":"WebPage","@id":"https:\/\/www.producempresarial.pe\/produce-implementa-seis-mesas-de-trabajo-para-la-reactivacion-de-las-mype-a-nivel-nacional-2\/","url":"https:\/\/www.producempresarial.pe\/produce-implementa-seis-mesas-de-trabajo-para-la-reactivacion-de-las-mype-a-nivel-nacional-2\/","name":"Produce implementa seis mesas de trabajo para la reactivaci\u00f3n de las MYPE a nivel nacional - Observatorio PRODUCEmpresarial","isPartOf":{"@id":"https:\/\/www.producempresarial.pe\/#website"},"primaryImageOfPage":{"@id":"https:\/\/www.producempresarial.pe\/produce-implementa-seis-mesas-de-trabajo-para-la-reactivacion-de-las-mype-a-nivel-nacional-2\/#primaryimage"},"image":{"@id":"https:\/\/www.producempresarial.pe\/produce-implementa-seis-mesas-de-trabajo-para-la-reactivacion-de-las-mype-a-nivel-nacional-2\/#primaryimage"},"thumbnailUrl":"https:\/\/www.producempresarial.pe\/wp-content\/uploads\/2023\/12\/9.jpeg","datePublished":"2023-12-19T16:19:19+00:00","dateModified":"2024-01-09T13:06:05+00:00","breadcrumb":{"@id":"https:\/\/www.producempresarial.pe\/produce-implementa-seis-mesas-de-trabajo-para-la-reactivacion-de-las-mype-a-nivel-nacional-2\/#breadcrumb"},"inLanguage":"en-US","potentialAction":[{"@type":"ReadAction","target":["https:\/\/www.producempresarial.pe\/produce-implementa-seis-mesas-de-trabajo-para-la-reactivacion-de-las-mype-a-nivel-nacional-2\/"]}]},{"@type":"ImageObject","inLanguage":"en-US","@id":"https:\/\/www.producempresarial.pe\/produce-implementa-seis-mesas-de-trabajo-para-la-reactivacion-de-las-mype-a-nivel-nacional-2\/#primaryimage","url":"https:\/\/www.producempresarial.pe\/wp-content\/uploads\/2023\/12\/9.jpeg","contentUrl":"https:\/\/www.producempresarial.pe\/wp-content\/uploads\/2023\/12\/9.jpeg","width":645,"height":363},{"@type":"BreadcrumbList","@id":"https:\/\/www.producempresarial.pe\/produce-implementa-seis-mesas-de-trabajo-para-la-reactivacion-de-las-mype-a-nivel-nacional-2\/#breadcrumb","itemListElement":[{"@type":"ListItem","position":1,"name":"Home","item":"https:\/\/www.producempresarial.pe\/"},{"@type":"ListItem","position":2,"name":"Produce implementa seis mesas de trabajo para la reactivaci\u00f3n de las MYPE a nivel nacional"}]},{"@type":"WebSite","@id":"https:\/\/www.producempresarial.pe\/#website","url":"https:\/\/www.producempresarial.pe\/","name":"PRODUCEmpresarial Observatory","description":"Herramienta estrat\u00e9gica que integra y genera peri\u00f3dicamente evidencia y an\u00e1lisis sobre el desempe\u00f1o productivo del sector empresarial, as\u00ed como contribuye en la difusi\u00f3n de informaci\u00f3n y documentos t\u00e9cnicos anal\u00edticos y especializados sobre el desempe\u00f1o de las empresas en el Per\u00fa.","publisher":{"@id":"https:\/\/www.producempresarial.pe\/#organization"},"potentialAction":[{"@type":"SearchAction","target":{"@type":"EntryPoint","urlTemplate":"https:\/\/www.producempresarial.pe\/?s={search_term_string}"},"query-input":{"@type":"PropertyValueSpecification","valueRequired":true,"valueName":"search_term_string"}}],"inLanguage":"en-US"},{"@type":"Organization","@id":"https:\/\/www.producempresarial.pe\/#organization","name":"PRDOUCE","url":"https:\/\/www.producempresarial.pe\/","logo":{"@type":"ImageObject","inLanguage":"en-US","@id":"https:\/\/www.producempresarial.pe\/#\/schema\/logo\/image\/","url":"https:\/\/www.producempresarial.pe\/wp-content\/uploads\/2024\/02\/image-logo-share.png","contentUrl":"https:\/\/www.producempresarial.pe\/wp-content\/uploads\/2024\/02\/image-logo-share.png","width":1200,"height":628,"caption":"PRDOUCE"},"image":{"@id":"https:\/\/www.producempresarial.pe\/#\/schema\/logo\/image\/"}},{"@type":"Person","@id":"https:\/\/www.producempresarial.pe\/#\/schema\/person\/6e13e1f2f8fc108ce3789cbdb23a5d21","name":"admin","sameAs":["https:\/\/www.producempresarial.pe"],"url":"https:\/\/www.producempresarial.pe\/en\/author\/admin\/"}]}},"_links":{"self":[{"href":"https:\/\/www.producempresarial.pe\/en\/wp-json\/wp\/v2\/posts\/103","targetHints":{"allow":["GET"]}}],"collection":[{"href":"https:\/\/www.producempresarial.pe\/en\/wp-json\/wp\/v2\/posts"}],"about":[{"href":"https:\/\/www.producempresarial.pe\/en\/wp-json\/wp\/v2\/types\/post"}],"author":[{"embeddable":true,"href":"https:\/\/www.producempresarial.pe\/en\/wp-json\/wp\/v2\/users\/1"}],"replies":[{"embeddable":true,"href":"https:\/\/www.producempresarial.pe\/en\/wp-json\/wp\/v2\/comments?post=103"}],"version-history":[{"count":5,"href":"https:\/\/www.producempresarial.pe\/en\/wp-json\/wp\/v2\/posts\/103\/revisions"}],"predecessor-version":[{"id":3041,"href":"https:\/\/www.producempresarial.pe\/en\/wp-json\/wp\/v2\/posts\/103\/revisions\/3041"}],"wp:featuredmedia":[{"embeddable":true,"href":"https:\/\/www.producempresarial.pe\/en\/wp-json\/wp\/v2\/media\/104"}],"wp:attachment":[{"href":"https:\/\/www.producempresarial.pe\/en\/wp-json\/wp\/v2\/media?parent=103"}],"wp:term":[{"taxonomy":"category","embeddable":true,"href":"https:\/\/www.producempresarial.pe\/en\/wp-json\/wp\/v2\/categories?post=103"},{"taxonomy":"post_tag","embeddable":true,"href":"https:\/\/www.producempresarial.pe\/en\/wp-json\/wp\/v2\/tags?post=103"}],"curies":[{"name":"wp","href":"https:\/\/api.w.org\/{rel}","templated":true}]}}