{"id":10745,"date":"2024-01-28T15:42:06","date_gmt":"2024-01-28T20:42:06","guid":{"rendered":"https:\/\/www.producempresarial.pe\/?p=10745"},"modified":"2024-05-14T17:47:46","modified_gmt":"2024-05-14T22:47:46","slug":"marzo-2023-reporte-coyuntural-comercio-interno","status":"publish","type":"post","link":"https:\/\/www.producempresarial.pe\/en\/marzo-2023-reporte-coyuntural-comercio-interno\/","title":{"rendered":"March 2023: Internal Trade Situational Report"},"content":{"rendered":"<div data-wp-interactive=\"core\/file\" class=\"wp-block-file\"><object data-wp-bind--hidden=\"!state.hasPdfPreview\" hidden class=\"wp-block-file__embed\" data=\"https:\/\/www.producempresarial.pe\/wp-content\/uploads\/2024\/05\/Resumen-Resultados-del-Comercio-Interno-Marzo-2023_22.05.2023.pdf\" type=\"application\/pdf\" style=\"width:100%;height:600px\" aria-label=\"Embed of Resumen-Resultados-del-Comercio-Interno-Marzo-2023_22.05.2023.\"><\/object><a id=\"wp-block-file--media-f5d48ea4-31c7-41d6-94bd-cd687a5eca75\" href=\"https:\/\/www.producempresarial.pe\/wp-content\/uploads\/2024\/05\/Resumen-Resultados-del-Comercio-Interno-Marzo-2023_22.05.2023.pdf\">Resumen-Resultados-del-Comercio-Interno-Marzo-2023_22.05.2023<\/a><a href=\"https:\/\/www.producempresarial.pe\/wp-content\/uploads\/2024\/05\/Resumen-Resultados-del-Comercio-Interno-Marzo-2023_22.05.2023.pdf\" class=\"wp-block-file__button wp-element-button\" download aria-describedby=\"wp-block-file--media-f5d48ea4-31c7-41d6-94bd-cd687a5eca75\">Download document<\/a><\/div>\n\n\n\n<p>In March 2023, internal trade sales registered a growth of 2.4% compared to March 2022, marking the second consecutive month of positive results. This growth was driven by increased sales of mass consumption products (+4.7%), pharmaceuticals (+5.9%), and stationery items (+64.6%), despite being offset by lower sales in hardware stores (-2.2%) and home equipment products (-25.6%).<\/p>","protected":false},"excerpt":{"rendered":"<p>En marzo de 2023, las ventas del comercio interno registraron un crecimiento de 2.4% con respecto a marzo de 2022. Por segundo mes consecutivo acumula un resultado positivo, ello responde a un aumento en las ventas de productos de consumo masivo (+4.7%), farmac\u00e9uticos (+5.9%) y art\u00edculos de papeler\u00eda (+64.6%); a pesar de haber sido atenuado &#8230; <a title=\"March 2023: Internal Trade Situational Report\" class=\"read-more\" href=\"https:\/\/www.producempresarial.pe\/en\/marzo-2023-reporte-coyuntural-comercio-interno\/\" aria-label=\"Read more about Marzo 2023: Reporte Coyuntural Comercio Interno\">Read more<\/a><\/p>","protected":false},"author":1,"featured_media":10767,"comment_status":"open","ping_status":"open","sticky":false,"template":"","format":"standard","meta":{"_acf_changed":false,"footnotes":""},"categories":[231,274,271],"tags":[],"class_list":["post-10745","post","type-post","status-publish","format-standard","has-post-thumbnail","hentry","category-comercio-om","category-comercio-interno-om","category-comercio-interno-reportes"],"acf":[],"yoast_head":"<!-- This site is optimized with the Yoast SEO plugin v27.1.1 - https:\/\/yoast.com\/product\/yoast-seo-wordpress\/ -->\n<title>Marzo 2023: Reporte Coyuntural Comercio Interno - Observatorio PRODUCEmpresarial<\/title>\n<meta name=\"robots\" content=\"index, follow, max-snippet:-1, max-image-preview:large, max-video-preview:-1\" \/>\n<link rel=\"canonical\" href=\"https:\/\/www.producempresarial.pe\/en\/marzo-2023-reporte-coyuntural-comercio-interno\/\" \/>\n<meta property=\"og:locale\" content=\"en_US\" \/>\n<meta property=\"og:type\" content=\"article\" \/>\n<meta property=\"og:title\" content=\"Marzo 2023: Reporte Coyuntural Comercio Interno - Observatorio PRODUCEmpresarial\" \/>\n<meta property=\"og:description\" content=\"En marzo de 2023, las ventas del comercio interno registraron un crecimiento de 2.4% con respecto a marzo de 2022. Por segundo mes consecutivo acumula un resultado positivo, ello responde a un aumento en las ventas de productos de consumo masivo (+4.7%), farmac\u00e9uticos (+5.9%) y art\u00edculos de papeler\u00eda (+64.6%); a pesar de haber sido atenuado ... Read more\" \/>\n<meta property=\"og:url\" content=\"https:\/\/www.producempresarial.pe\/en\/marzo-2023-reporte-coyuntural-comercio-interno\/\" \/>\n<meta property=\"og:site_name\" content=\"Observatorio PRODUCEmpresarial\" \/>\n<meta property=\"article:published_time\" content=\"2024-01-28T20:42:06+00:00\" \/>\n<meta property=\"article:modified_time\" content=\"2024-05-14T22:47:46+00:00\" \/>\n<meta property=\"og:image\" content=\"https:\/\/www.producempresarial.pe\/wp-content\/uploads\/2024\/01\/03_mar-23_RC_CI.jpg\" \/>\n\t<meta property=\"og:image:width\" content=\"1288\" \/>\n\t<meta property=\"og:image:height\" content=\"720\" \/>\n\t<meta property=\"og:image:type\" content=\"image\/jpeg\" \/>\n<meta name=\"author\" content=\"admin\" \/>\n<meta name=\"twitter:card\" content=\"summary_large_image\" \/>\n<meta name=\"twitter:label1\" content=\"Written por\" \/>\n\t<meta name=\"twitter:data1\" content=\"admin\" \/>\n\t<meta name=\"twitter:label2\" content=\"Est. reading time\" \/>\n\t<meta name=\"twitter:data2\" content=\"1 minute\" \/>\n<script type=\"application\/ld+json\" class=\"yoast-schema-graph\">{\"@context\":\"https:\/\/schema.org\",\"@graph\":[{\"@type\":\"Article\",\"@id\":\"https:\/\/www.producempresarial.pe\/marzo-2023-reporte-coyuntural-comercio-interno\/#article\",\"isPartOf\":{\"@id\":\"https:\/\/www.producempresarial.pe\/marzo-2023-reporte-coyuntural-comercio-interno\/\"},\"author\":{\"name\":\"admin\",\"@id\":\"https:\/\/www.producempresarial.pe\/#\/schema\/person\/6e13e1f2f8fc108ce3789cbdb23a5d21\"},\"headline\":\"Marzo 2023: Reporte Coyuntural Comercio Interno\",\"datePublished\":\"2024-01-28T20:42:06+00:00\",\"dateModified\":\"2024-05-14T22:47:46+00:00\",\"mainEntityOfPage\":{\"@id\":\"https:\/\/www.producempresarial.pe\/marzo-2023-reporte-coyuntural-comercio-interno\/\"},\"wordCount\":78,\"commentCount\":0,\"publisher\":{\"@id\":\"https:\/\/www.producempresarial.pe\/#organization\"},\"image\":{\"@id\":\"https:\/\/www.producempresarial.pe\/marzo-2023-reporte-coyuntural-comercio-interno\/#primaryimage\"},\"thumbnailUrl\":\"https:\/\/www.producempresarial.pe\/wp-content\/uploads\/2024\/01\/03_mar-23_RC_CI.jpg\",\"articleSection\":[\"Comercio\",\"Comercio Interno\",\"Reportes Coyunturales\"],\"inLanguage\":\"en-US\",\"potentialAction\":[{\"@type\":\"CommentAction\",\"name\":\"Comment\",\"target\":[\"https:\/\/www.producempresarial.pe\/marzo-2023-reporte-coyuntural-comercio-interno\/#respond\"]}]},{\"@type\":\"WebPage\",\"@id\":\"https:\/\/www.producempresarial.pe\/marzo-2023-reporte-coyuntural-comercio-interno\/\",\"url\":\"https:\/\/www.producempresarial.pe\/marzo-2023-reporte-coyuntural-comercio-interno\/\",\"name\":\"Marzo 2023: Reporte Coyuntural Comercio Interno - Observatorio PRODUCEmpresarial\",\"isPartOf\":{\"@id\":\"https:\/\/www.producempresarial.pe\/#website\"},\"primaryImageOfPage\":{\"@id\":\"https:\/\/www.producempresarial.pe\/marzo-2023-reporte-coyuntural-comercio-interno\/#primaryimage\"},\"image\":{\"@id\":\"https:\/\/www.producempresarial.pe\/marzo-2023-reporte-coyuntural-comercio-interno\/#primaryimage\"},\"thumbnailUrl\":\"https:\/\/www.producempresarial.pe\/wp-content\/uploads\/2024\/01\/03_mar-23_RC_CI.jpg\",\"datePublished\":\"2024-01-28T20:42:06+00:00\",\"dateModified\":\"2024-05-14T22:47:46+00:00\",\"breadcrumb\":{\"@id\":\"https:\/\/www.producempresarial.pe\/marzo-2023-reporte-coyuntural-comercio-interno\/#breadcrumb\"},\"inLanguage\":\"en-US\",\"potentialAction\":[{\"@type\":\"ReadAction\",\"target\":[\"https:\/\/www.producempresarial.pe\/marzo-2023-reporte-coyuntural-comercio-interno\/\"]}]},{\"@type\":\"ImageObject\",\"inLanguage\":\"en-US\",\"@id\":\"https:\/\/www.producempresarial.pe\/marzo-2023-reporte-coyuntural-comercio-interno\/#primaryimage\",\"url\":\"https:\/\/www.producempresarial.pe\/wp-content\/uploads\/2024\/01\/03_mar-23_RC_CI.jpg\",\"contentUrl\":\"https:\/\/www.producempresarial.pe\/wp-content\/uploads\/2024\/01\/03_mar-23_RC_CI.jpg\",\"width\":1288,\"height\":720},{\"@type\":\"BreadcrumbList\",\"@id\":\"https:\/\/www.producempresarial.pe\/marzo-2023-reporte-coyuntural-comercio-interno\/#breadcrumb\",\"itemListElement\":[{\"@type\":\"ListItem\",\"position\":1,\"name\":\"Home\",\"item\":\"https:\/\/www.producempresarial.pe\/\"},{\"@type\":\"ListItem\",\"position\":2,\"name\":\"Marzo 2023: Reporte Coyuntural Comercio Interno\"}]},{\"@type\":\"WebSite\",\"@id\":\"https:\/\/www.producempresarial.pe\/#website\",\"url\":\"https:\/\/www.producempresarial.pe\/\",\"name\":\"Observatorio PRODUCEmpresarial\",\"description\":\"Herramienta estrat\u00e9gica que integra y genera peri\u00f3dicamente evidencia y an\u00e1lisis sobre el desempe\u00f1o productivo del sector empresarial, as\u00ed como contribuye en la difusi\u00f3n de informaci\u00f3n y documentos t\u00e9cnicos anal\u00edticos y especializados sobre el desempe\u00f1o de las empresas en el Per\u00fa.\",\"publisher\":{\"@id\":\"https:\/\/www.producempresarial.pe\/#organization\"},\"potentialAction\":[{\"@type\":\"SearchAction\",\"target\":{\"@type\":\"EntryPoint\",\"urlTemplate\":\"https:\/\/www.producempresarial.pe\/?s={search_term_string}\"},\"query-input\":{\"@type\":\"PropertyValueSpecification\",\"valueRequired\":true,\"valueName\":\"search_term_string\"}}],\"inLanguage\":\"en-US\"},{\"@type\":\"Organization\",\"@id\":\"https:\/\/www.producempresarial.pe\/#organization\",\"name\":\"PRDOUCE\",\"url\":\"https:\/\/www.producempresarial.pe\/\",\"logo\":{\"@type\":\"ImageObject\",\"inLanguage\":\"en-US\",\"@id\":\"https:\/\/www.producempresarial.pe\/#\/schema\/logo\/image\/\",\"url\":\"https:\/\/www.producempresarial.pe\/wp-content\/uploads\/2024\/02\/image-logo-share.png\",\"contentUrl\":\"https:\/\/www.producempresarial.pe\/wp-content\/uploads\/2024\/02\/image-logo-share.png\",\"width\":1200,\"height\":628,\"caption\":\"PRDOUCE\"},\"image\":{\"@id\":\"https:\/\/www.producempresarial.pe\/#\/schema\/logo\/image\/\"}},{\"@type\":\"Person\",\"@id\":\"https:\/\/www.producempresarial.pe\/#\/schema\/person\/6e13e1f2f8fc108ce3789cbdb23a5d21\",\"name\":\"admin\",\"sameAs\":[\"https:\/\/www.producempresarial.pe\"],\"url\":\"https:\/\/www.producempresarial.pe\/en\/author\/admin\/\"}]}<\/script>\n<!-- \/ Yoast SEO plugin. -->","yoast_head_json":{"title":"Marzo 2023: Reporte Coyuntural Comercio Interno - Observatorio PRODUCEmpresarial","robots":{"index":"index","follow":"follow","max-snippet":"max-snippet:-1","max-image-preview":"max-image-preview:large","max-video-preview":"max-video-preview:-1"},"canonical":"https:\/\/www.producempresarial.pe\/en\/marzo-2023-reporte-coyuntural-comercio-interno\/","og_locale":"en_US","og_type":"article","og_title":"Marzo 2023: Reporte Coyuntural Comercio Interno - Observatorio PRODUCEmpresarial","og_description":"En marzo de 2023, las ventas del comercio interno registraron un crecimiento de 2.4% con respecto a marzo de 2022. Por segundo mes consecutivo acumula un resultado positivo, ello responde a un aumento en las ventas de productos de consumo masivo (+4.7%), farmac\u00e9uticos (+5.9%) y art\u00edculos de papeler\u00eda (+64.6%); a pesar de haber sido atenuado ... Read more","og_url":"https:\/\/www.producempresarial.pe\/en\/marzo-2023-reporte-coyuntural-comercio-interno\/","og_site_name":"Observatorio PRODUCEmpresarial","article_published_time":"2024-01-28T20:42:06+00:00","article_modified_time":"2024-05-14T22:47:46+00:00","og_image":[{"width":1288,"height":720,"url":"https:\/\/www.producempresarial.pe\/wp-content\/uploads\/2024\/01\/03_mar-23_RC_CI.jpg","type":"image\/jpeg"}],"author":"admin","twitter_card":"summary_large_image","twitter_misc":{"Written por":"admin","Est. reading time":"1 minute"},"schema":{"@context":"https:\/\/schema.org","@graph":[{"@type":"Article","@id":"https:\/\/www.producempresarial.pe\/marzo-2023-reporte-coyuntural-comercio-interno\/#article","isPartOf":{"@id":"https:\/\/www.producempresarial.pe\/marzo-2023-reporte-coyuntural-comercio-interno\/"},"author":{"name":"admin","@id":"https:\/\/www.producempresarial.pe\/#\/schema\/person\/6e13e1f2f8fc108ce3789cbdb23a5d21"},"headline":"Marzo 2023: Reporte Coyuntural Comercio Interno","datePublished":"2024-01-28T20:42:06+00:00","dateModified":"2024-05-14T22:47:46+00:00","mainEntityOfPage":{"@id":"https:\/\/www.producempresarial.pe\/marzo-2023-reporte-coyuntural-comercio-interno\/"},"wordCount":78,"commentCount":0,"publisher":{"@id":"https:\/\/www.producempresarial.pe\/#organization"},"image":{"@id":"https:\/\/www.producempresarial.pe\/marzo-2023-reporte-coyuntural-comercio-interno\/#primaryimage"},"thumbnailUrl":"https:\/\/www.producempresarial.pe\/wp-content\/uploads\/2024\/01\/03_mar-23_RC_CI.jpg","articleSection":["Comercio","Comercio Interno","Reportes Coyunturales"],"inLanguage":"en-US","potentialAction":[{"@type":"CommentAction","name":"Comment","target":["https:\/\/www.producempresarial.pe\/marzo-2023-reporte-coyuntural-comercio-interno\/#respond"]}]},{"@type":"WebPage","@id":"https:\/\/www.producempresarial.pe\/marzo-2023-reporte-coyuntural-comercio-interno\/","url":"https:\/\/www.producempresarial.pe\/marzo-2023-reporte-coyuntural-comercio-interno\/","name":"Marzo 2023: Reporte Coyuntural Comercio Interno - Observatorio PRODUCEmpresarial","isPartOf":{"@id":"https:\/\/www.producempresarial.pe\/#website"},"primaryImageOfPage":{"@id":"https:\/\/www.producempresarial.pe\/marzo-2023-reporte-coyuntural-comercio-interno\/#primaryimage"},"image":{"@id":"https:\/\/www.producempresarial.pe\/marzo-2023-reporte-coyuntural-comercio-interno\/#primaryimage"},"thumbnailUrl":"https:\/\/www.producempresarial.pe\/wp-content\/uploads\/2024\/01\/03_mar-23_RC_CI.jpg","datePublished":"2024-01-28T20:42:06+00:00","dateModified":"2024-05-14T22:47:46+00:00","breadcrumb":{"@id":"https:\/\/www.producempresarial.pe\/marzo-2023-reporte-coyuntural-comercio-interno\/#breadcrumb"},"inLanguage":"en-US","potentialAction":[{"@type":"ReadAction","target":["https:\/\/www.producempresarial.pe\/marzo-2023-reporte-coyuntural-comercio-interno\/"]}]},{"@type":"ImageObject","inLanguage":"en-US","@id":"https:\/\/www.producempresarial.pe\/marzo-2023-reporte-coyuntural-comercio-interno\/#primaryimage","url":"https:\/\/www.producempresarial.pe\/wp-content\/uploads\/2024\/01\/03_mar-23_RC_CI.jpg","contentUrl":"https:\/\/www.producempresarial.pe\/wp-content\/uploads\/2024\/01\/03_mar-23_RC_CI.jpg","width":1288,"height":720},{"@type":"BreadcrumbList","@id":"https:\/\/www.producempresarial.pe\/marzo-2023-reporte-coyuntural-comercio-interno\/#breadcrumb","itemListElement":[{"@type":"ListItem","position":1,"name":"Home","item":"https:\/\/www.producempresarial.pe\/"},{"@type":"ListItem","position":2,"name":"Marzo 2023: Reporte Coyuntural Comercio Interno"}]},{"@type":"WebSite","@id":"https:\/\/www.producempresarial.pe\/#website","url":"https:\/\/www.producempresarial.pe\/","name":"PRODUCEmpresarial Observatory","description":"Herramienta estrat\u00e9gica que integra y genera peri\u00f3dicamente evidencia y an\u00e1lisis sobre el desempe\u00f1o productivo del sector empresarial, as\u00ed como contribuye en la difusi\u00f3n de informaci\u00f3n y documentos t\u00e9cnicos anal\u00edticos y especializados sobre el desempe\u00f1o de las empresas en el Per\u00fa.","publisher":{"@id":"https:\/\/www.producempresarial.pe\/#organization"},"potentialAction":[{"@type":"SearchAction","target":{"@type":"EntryPoint","urlTemplate":"https:\/\/www.producempresarial.pe\/?s={search_term_string}"},"query-input":{"@type":"PropertyValueSpecification","valueRequired":true,"valueName":"search_term_string"}}],"inLanguage":"en-US"},{"@type":"Organization","@id":"https:\/\/www.producempresarial.pe\/#organization","name":"PRDOUCE","url":"https:\/\/www.producempresarial.pe\/","logo":{"@type":"ImageObject","inLanguage":"en-US","@id":"https:\/\/www.producempresarial.pe\/#\/schema\/logo\/image\/","url":"https:\/\/www.producempresarial.pe\/wp-content\/uploads\/2024\/02\/image-logo-share.png","contentUrl":"https:\/\/www.producempresarial.pe\/wp-content\/uploads\/2024\/02\/image-logo-share.png","width":1200,"height":628,"caption":"PRDOUCE"},"image":{"@id":"https:\/\/www.producempresarial.pe\/#\/schema\/logo\/image\/"}},{"@type":"Person","@id":"https:\/\/www.producempresarial.pe\/#\/schema\/person\/6e13e1f2f8fc108ce3789cbdb23a5d21","name":"admin","sameAs":["https:\/\/www.producempresarial.pe"],"url":"https:\/\/www.producempresarial.pe\/en\/author\/admin\/"}]}},"_links":{"self":[{"href":"https:\/\/www.producempresarial.pe\/en\/wp-json\/wp\/v2\/posts\/10745","targetHints":{"allow":["GET"]}}],"collection":[{"href":"https:\/\/www.producempresarial.pe\/en\/wp-json\/wp\/v2\/posts"}],"about":[{"href":"https:\/\/www.producempresarial.pe\/en\/wp-json\/wp\/v2\/types\/post"}],"author":[{"embeddable":true,"href":"https:\/\/www.producempresarial.pe\/en\/wp-json\/wp\/v2\/users\/1"}],"replies":[{"embeddable":true,"href":"https:\/\/www.producempresarial.pe\/en\/wp-json\/wp\/v2\/comments?post=10745"}],"version-history":[{"count":4,"href":"https:\/\/www.producempresarial.pe\/en\/wp-json\/wp\/v2\/posts\/10745\/revisions"}],"predecessor-version":[{"id":16755,"href":"https:\/\/www.producempresarial.pe\/en\/wp-json\/wp\/v2\/posts\/10745\/revisions\/16755"}],"wp:featuredmedia":[{"embeddable":true,"href":"https:\/\/www.producempresarial.pe\/en\/wp-json\/wp\/v2\/media\/10767"}],"wp:attachment":[{"href":"https:\/\/www.producempresarial.pe\/en\/wp-json\/wp\/v2\/media?parent=10745"}],"wp:term":[{"taxonomy":"category","embeddable":true,"href":"https:\/\/www.producempresarial.pe\/en\/wp-json\/wp\/v2\/categories?post=10745"},{"taxonomy":"post_tag","embeddable":true,"href":"https:\/\/www.producempresarial.pe\/en\/wp-json\/wp\/v2\/tags?post=10745"}],"curies":[{"name":"wp","href":"https:\/\/api.w.org\/{rel}","templated":true}]}}