{"id":13228,"date":"2024-01-31T15:22:00","date_gmt":"2024-01-31T20:22:00","guid":{"rendered":"https:\/\/www.producempresarial.pe\/?p=13228"},"modified":"2024-08-08T10:19:50","modified_gmt":"2024-08-08T15:19:50","slug":"2023-desempeno-del-sector-pesca-y-acuicultura","status":"publish","type":"post","link":"https:\/\/www.producempresarial.pe\/en\/2023-desempeno-del-sector-pesca-y-acuicultura\/","title":{"rendered":"Year 2023: Performance of the Fishing and Aquaculture Sector"},"content":{"rendered":"<p>The extractive activity of the Fishing Sector recorded a 34.4% decrease in volume compared to 2022. This performance is mainly attributed to the unfavorable oceanographic conditions (presence of warm waters) caused by the Coastal El Ni\u00f1o phenomenon (EFEN) throughout much of the year, which impacted the extraction of anchovy intended for the fishmeal industry.<\/p>\n\n\n\n<div data-wp-interactive=\"core\/file\" class=\"wp-block-file\"><object data-wp-bind--hidden=\"!state.hasPdfPreview\" hidden class=\"wp-block-file__embed\" data=\"https:\/\/www.producempresarial.pe\/wp-content\/uploads\/2024\/08\/Reporte-Sectorial-de-Desempeno-del-Sector-Pesca-y-Acuicola-Ano-2023_26.01.2024.pdf\" type=\"application\/pdf\" style=\"width:100%;height:600px\" aria-label=\"Embed of Reporte-Sectorial-de-Desempeno-del-Sector-Pesca-y-Acuicola-Ano-2023_26.01.2024.\"><\/object><a id=\"wp-block-file--media-0078341e-a3fc-43e1-b5f4-3650790e2564\" href=\"https:\/\/www.producempresarial.pe\/wp-content\/uploads\/2024\/08\/Reporte-Sectorial-de-Desempeno-del-Sector-Pesca-y-Acuicola-Ano-2023_26.01.2024.pdf\">Reporte-Sectorial-de-Desempeno-del-Sector-Pesca-y-Acuicola-Ano-2023_26.01.2024<\/a><a href=\"https:\/\/www.producempresarial.pe\/wp-content\/uploads\/2024\/08\/Reporte-Sectorial-de-Desempeno-del-Sector-Pesca-y-Acuicola-Ano-2023_26.01.2024.pdf\" class=\"wp-block-file__button wp-element-button\" download aria-describedby=\"wp-block-file--media-0078341e-a3fc-43e1-b5f4-3650790e2564\">Download PDF<\/a><\/div>","protected":false},"excerpt":{"rendered":"<p>La actividad extractiva del Sector Pesquero registr\u00f3 una ca\u00edda de 34.4%, en t\u00e9rminos de volumen, con relaci\u00f3n al 2022. Este desempe\u00f1o se explica principalmente por las desfavorables condiciones oceanogr\u00e1ficas (presencia de aguas calientes) provocadas por el fen\u00f3meno de El Ni\u00f1o Costero (EFEN) en gran parte del a\u00f1o, lo que afect\u00f3 la extracci\u00f3n de anchoveta destinada &#8230; <a title=\"Year 2023: Performance of the Fishing and Aquaculture Sector\" class=\"read-more\" href=\"https:\/\/www.producempresarial.pe\/en\/2023-desempeno-del-sector-pesca-y-acuicultura\/\" aria-label=\"Read more about A\u00f1o 2023: Desempe\u00f1o del Sector Pesca y Acuicultura\">Read more<\/a><\/p>","protected":false},"author":22,"featured_media":13254,"comment_status":"open","ping_status":"open","sticky":false,"template":"","format":"standard","meta":{"_acf_changed":false,"footnotes":""},"categories":[250,255],"tags":[],"class_list":["post-13228","post","type-post","status-publish","format-standard","has-post-thumbnail","hentry","category-pesca-om","category-pesca-reportes"],"acf":[],"yoast_head":"<!-- This site is optimized with the Yoast SEO plugin v27.1.1 - https:\/\/yoast.com\/product\/yoast-seo-wordpress\/ -->\n<title>A\u00f1o 2023: Desempe\u00f1o del Sector Pesca y Acuicultura - Observatorio PRODUCEmpresarial<\/title>\n<meta name=\"robots\" content=\"index, follow, max-snippet:-1, max-image-preview:large, max-video-preview:-1\" \/>\n<link rel=\"canonical\" href=\"https:\/\/www.producempresarial.pe\/en\/2023-desempeno-del-sector-pesca-y-acuicultura\/\" \/>\n<meta property=\"og:locale\" content=\"en_US\" \/>\n<meta property=\"og:type\" content=\"article\" \/>\n<meta property=\"og:title\" content=\"A\u00f1o 2023: Desempe\u00f1o del Sector Pesca y Acuicultura - Observatorio PRODUCEmpresarial\" \/>\n<meta property=\"og:description\" content=\"La actividad extractiva del Sector Pesquero registr\u00f3 una ca\u00edda de 34.4%, en t\u00e9rminos de volumen, con relaci\u00f3n al 2022. Este desempe\u00f1o se explica principalmente por las desfavorables condiciones oceanogr\u00e1ficas (presencia de aguas calientes) provocadas por el fen\u00f3meno de El Ni\u00f1o Costero (EFEN) en gran parte del a\u00f1o, lo que afect\u00f3 la extracci\u00f3n de anchoveta destinada ... Read more\" \/>\n<meta property=\"og:url\" content=\"https:\/\/www.producempresarial.pe\/en\/2023-desempeno-del-sector-pesca-y-acuicultura\/\" \/>\n<meta property=\"og:site_name\" content=\"Observatorio PRODUCEmpresarial\" \/>\n<meta property=\"article:published_time\" content=\"2024-01-31T20:22:00+00:00\" \/>\n<meta property=\"article:modified_time\" content=\"2024-08-08T15:19:50+00:00\" \/>\n<meta property=\"og:image\" content=\"https:\/\/www.producempresarial.pe\/wp-content\/uploads\/2024\/01\/RC_Pesca_2023.png\" \/>\n\t<meta property=\"og:image:width\" content=\"1326\" \/>\n\t<meta property=\"og:image:height\" content=\"750\" \/>\n\t<meta property=\"og:image:type\" content=\"image\/png\" \/>\n<meta name=\"author\" content=\"Renzo Figueroa\" \/>\n<meta name=\"twitter:card\" content=\"summary_large_image\" \/>\n<meta name=\"twitter:label1\" content=\"Written por\" \/>\n\t<meta name=\"twitter:data1\" content=\"Renzo Figueroa\" \/>\n\t<meta name=\"twitter:label2\" content=\"Est. reading time\" \/>\n\t<meta name=\"twitter:data2\" content=\"1 minute\" \/>\n<script type=\"application\/ld+json\" class=\"yoast-schema-graph\">{\"@context\":\"https:\/\/schema.org\",\"@graph\":[{\"@type\":\"Article\",\"@id\":\"https:\/\/www.producempresarial.pe\/2023-desempeno-del-sector-pesca-y-acuicultura\/#article\",\"isPartOf\":{\"@id\":\"https:\/\/www.producempresarial.pe\/2023-desempeno-del-sector-pesca-y-acuicultura\/\"},\"author\":{\"name\":\"Renzo Figueroa\",\"@id\":\"https:\/\/www.producempresarial.pe\/#\/schema\/person\/0328861ffdd93d6ea9725cbe7f6e48ca\"},\"headline\":\"A\u00f1o 2023: Desempe\u00f1o del Sector Pesca y Acuicultura\",\"datePublished\":\"2024-01-31T20:22:00+00:00\",\"dateModified\":\"2024-08-08T15:19:50+00:00\",\"mainEntityOfPage\":{\"@id\":\"https:\/\/www.producempresarial.pe\/2023-desempeno-del-sector-pesca-y-acuicultura\/\"},\"wordCount\":78,\"commentCount\":0,\"publisher\":{\"@id\":\"https:\/\/www.producempresarial.pe\/#organization\"},\"image\":{\"@id\":\"https:\/\/www.producempresarial.pe\/2023-desempeno-del-sector-pesca-y-acuicultura\/#primaryimage\"},\"thumbnailUrl\":\"https:\/\/www.producempresarial.pe\/wp-content\/uploads\/2024\/01\/RC_Pesca_2023.png\",\"articleSection\":[\"Pesca\",\"Reportes Coyunturales\"],\"inLanguage\":\"en-US\",\"potentialAction\":[{\"@type\":\"CommentAction\",\"name\":\"Comment\",\"target\":[\"https:\/\/www.producempresarial.pe\/2023-desempeno-del-sector-pesca-y-acuicultura\/#respond\"]}]},{\"@type\":\"WebPage\",\"@id\":\"https:\/\/www.producempresarial.pe\/2023-desempeno-del-sector-pesca-y-acuicultura\/\",\"url\":\"https:\/\/www.producempresarial.pe\/2023-desempeno-del-sector-pesca-y-acuicultura\/\",\"name\":\"A\u00f1o 2023: Desempe\u00f1o del Sector Pesca y Acuicultura - Observatorio PRODUCEmpresarial\",\"isPartOf\":{\"@id\":\"https:\/\/www.producempresarial.pe\/#website\"},\"primaryImageOfPage\":{\"@id\":\"https:\/\/www.producempresarial.pe\/2023-desempeno-del-sector-pesca-y-acuicultura\/#primaryimage\"},\"image\":{\"@id\":\"https:\/\/www.producempresarial.pe\/2023-desempeno-del-sector-pesca-y-acuicultura\/#primaryimage\"},\"thumbnailUrl\":\"https:\/\/www.producempresarial.pe\/wp-content\/uploads\/2024\/01\/RC_Pesca_2023.png\",\"datePublished\":\"2024-01-31T20:22:00+00:00\",\"dateModified\":\"2024-08-08T15:19:50+00:00\",\"breadcrumb\":{\"@id\":\"https:\/\/www.producempresarial.pe\/2023-desempeno-del-sector-pesca-y-acuicultura\/#breadcrumb\"},\"inLanguage\":\"en-US\",\"potentialAction\":[{\"@type\":\"ReadAction\",\"target\":[\"https:\/\/www.producempresarial.pe\/2023-desempeno-del-sector-pesca-y-acuicultura\/\"]}]},{\"@type\":\"ImageObject\",\"inLanguage\":\"en-US\",\"@id\":\"https:\/\/www.producempresarial.pe\/2023-desempeno-del-sector-pesca-y-acuicultura\/#primaryimage\",\"url\":\"https:\/\/www.producempresarial.pe\/wp-content\/uploads\/2024\/01\/RC_Pesca_2023.png\",\"contentUrl\":\"https:\/\/www.producempresarial.pe\/wp-content\/uploads\/2024\/01\/RC_Pesca_2023.png\",\"width\":1326,\"height\":750},{\"@type\":\"BreadcrumbList\",\"@id\":\"https:\/\/www.producempresarial.pe\/2023-desempeno-del-sector-pesca-y-acuicultura\/#breadcrumb\",\"itemListElement\":[{\"@type\":\"ListItem\",\"position\":1,\"name\":\"Home\",\"item\":\"https:\/\/www.producempresarial.pe\/\"},{\"@type\":\"ListItem\",\"position\":2,\"name\":\"A\u00f1o 2023: Desempe\u00f1o del Sector Pesca y Acuicultura\"}]},{\"@type\":\"WebSite\",\"@id\":\"https:\/\/www.producempresarial.pe\/#website\",\"url\":\"https:\/\/www.producempresarial.pe\/\",\"name\":\"Observatorio PRODUCEmpresarial\",\"description\":\"Herramienta estrat\u00e9gica que integra y genera peri\u00f3dicamente evidencia y an\u00e1lisis sobre el desempe\u00f1o productivo del sector empresarial, as\u00ed como contribuye en la difusi\u00f3n de informaci\u00f3n y documentos t\u00e9cnicos anal\u00edticos y especializados sobre el desempe\u00f1o de las empresas en el Per\u00fa.\",\"publisher\":{\"@id\":\"https:\/\/www.producempresarial.pe\/#organization\"},\"potentialAction\":[{\"@type\":\"SearchAction\",\"target\":{\"@type\":\"EntryPoint\",\"urlTemplate\":\"https:\/\/www.producempresarial.pe\/?s={search_term_string}\"},\"query-input\":{\"@type\":\"PropertyValueSpecification\",\"valueRequired\":true,\"valueName\":\"search_term_string\"}}],\"inLanguage\":\"en-US\"},{\"@type\":\"Organization\",\"@id\":\"https:\/\/www.producempresarial.pe\/#organization\",\"name\":\"PRDOUCE\",\"url\":\"https:\/\/www.producempresarial.pe\/\",\"logo\":{\"@type\":\"ImageObject\",\"inLanguage\":\"en-US\",\"@id\":\"https:\/\/www.producempresarial.pe\/#\/schema\/logo\/image\/\",\"url\":\"https:\/\/www.producempresarial.pe\/wp-content\/uploads\/2024\/02\/image-logo-share.png\",\"contentUrl\":\"https:\/\/www.producempresarial.pe\/wp-content\/uploads\/2024\/02\/image-logo-share.png\",\"width\":1200,\"height\":628,\"caption\":\"PRDOUCE\"},\"image\":{\"@id\":\"https:\/\/www.producempresarial.pe\/#\/schema\/logo\/image\/\"}},{\"@type\":\"Person\",\"@id\":\"https:\/\/www.producempresarial.pe\/#\/schema\/person\/0328861ffdd93d6ea9725cbe7f6e48ca\",\"name\":\"Renzo Figueroa\",\"url\":\"https:\/\/www.producempresarial.pe\/en\/author\/rfigueroa\/\"}]}<\/script>\n<!-- \/ Yoast SEO plugin. -->","yoast_head_json":{"title":"A\u00f1o 2023: Desempe\u00f1o del Sector Pesca y Acuicultura - Observatorio PRODUCEmpresarial","robots":{"index":"index","follow":"follow","max-snippet":"max-snippet:-1","max-image-preview":"max-image-preview:large","max-video-preview":"max-video-preview:-1"},"canonical":"https:\/\/www.producempresarial.pe\/en\/2023-desempeno-del-sector-pesca-y-acuicultura\/","og_locale":"en_US","og_type":"article","og_title":"A\u00f1o 2023: Desempe\u00f1o del Sector Pesca y Acuicultura - Observatorio PRODUCEmpresarial","og_description":"La actividad extractiva del Sector Pesquero registr\u00f3 una ca\u00edda de 34.4%, en t\u00e9rminos de volumen, con relaci\u00f3n al 2022. Este desempe\u00f1o se explica principalmente por las desfavorables condiciones oceanogr\u00e1ficas (presencia de aguas calientes) provocadas por el fen\u00f3meno de El Ni\u00f1o Costero (EFEN) en gran parte del a\u00f1o, lo que afect\u00f3 la extracci\u00f3n de anchoveta destinada ... Read more","og_url":"https:\/\/www.producempresarial.pe\/en\/2023-desempeno-del-sector-pesca-y-acuicultura\/","og_site_name":"Observatorio PRODUCEmpresarial","article_published_time":"2024-01-31T20:22:00+00:00","article_modified_time":"2024-08-08T15:19:50+00:00","og_image":[{"width":1326,"height":750,"url":"https:\/\/www.producempresarial.pe\/wp-content\/uploads\/2024\/01\/RC_Pesca_2023.png","type":"image\/png"}],"author":"Renzo Figueroa","twitter_card":"summary_large_image","twitter_misc":{"Written por":"Renzo Figueroa","Est. reading time":"1 minute"},"schema":{"@context":"https:\/\/schema.org","@graph":[{"@type":"Article","@id":"https:\/\/www.producempresarial.pe\/2023-desempeno-del-sector-pesca-y-acuicultura\/#article","isPartOf":{"@id":"https:\/\/www.producempresarial.pe\/2023-desempeno-del-sector-pesca-y-acuicultura\/"},"author":{"name":"Renzo Figueroa","@id":"https:\/\/www.producempresarial.pe\/#\/schema\/person\/0328861ffdd93d6ea9725cbe7f6e48ca"},"headline":"A\u00f1o 2023: Desempe\u00f1o del Sector Pesca y Acuicultura","datePublished":"2024-01-31T20:22:00+00:00","dateModified":"2024-08-08T15:19:50+00:00","mainEntityOfPage":{"@id":"https:\/\/www.producempresarial.pe\/2023-desempeno-del-sector-pesca-y-acuicultura\/"},"wordCount":78,"commentCount":0,"publisher":{"@id":"https:\/\/www.producempresarial.pe\/#organization"},"image":{"@id":"https:\/\/www.producempresarial.pe\/2023-desempeno-del-sector-pesca-y-acuicultura\/#primaryimage"},"thumbnailUrl":"https:\/\/www.producempresarial.pe\/wp-content\/uploads\/2024\/01\/RC_Pesca_2023.png","articleSection":["Pesca","Reportes Coyunturales"],"inLanguage":"en-US","potentialAction":[{"@type":"CommentAction","name":"Comment","target":["https:\/\/www.producempresarial.pe\/2023-desempeno-del-sector-pesca-y-acuicultura\/#respond"]}]},{"@type":"WebPage","@id":"https:\/\/www.producempresarial.pe\/2023-desempeno-del-sector-pesca-y-acuicultura\/","url":"https:\/\/www.producempresarial.pe\/2023-desempeno-del-sector-pesca-y-acuicultura\/","name":"A\u00f1o 2023: Desempe\u00f1o del Sector Pesca y Acuicultura - Observatorio PRODUCEmpresarial","isPartOf":{"@id":"https:\/\/www.producempresarial.pe\/#website"},"primaryImageOfPage":{"@id":"https:\/\/www.producempresarial.pe\/2023-desempeno-del-sector-pesca-y-acuicultura\/#primaryimage"},"image":{"@id":"https:\/\/www.producempresarial.pe\/2023-desempeno-del-sector-pesca-y-acuicultura\/#primaryimage"},"thumbnailUrl":"https:\/\/www.producempresarial.pe\/wp-content\/uploads\/2024\/01\/RC_Pesca_2023.png","datePublished":"2024-01-31T20:22:00+00:00","dateModified":"2024-08-08T15:19:50+00:00","breadcrumb":{"@id":"https:\/\/www.producempresarial.pe\/2023-desempeno-del-sector-pesca-y-acuicultura\/#breadcrumb"},"inLanguage":"en-US","potentialAction":[{"@type":"ReadAction","target":["https:\/\/www.producempresarial.pe\/2023-desempeno-del-sector-pesca-y-acuicultura\/"]}]},{"@type":"ImageObject","inLanguage":"en-US","@id":"https:\/\/www.producempresarial.pe\/2023-desempeno-del-sector-pesca-y-acuicultura\/#primaryimage","url":"https:\/\/www.producempresarial.pe\/wp-content\/uploads\/2024\/01\/RC_Pesca_2023.png","contentUrl":"https:\/\/www.producempresarial.pe\/wp-content\/uploads\/2024\/01\/RC_Pesca_2023.png","width":1326,"height":750},{"@type":"BreadcrumbList","@id":"https:\/\/www.producempresarial.pe\/2023-desempeno-del-sector-pesca-y-acuicultura\/#breadcrumb","itemListElement":[{"@type":"ListItem","position":1,"name":"Home","item":"https:\/\/www.producempresarial.pe\/"},{"@type":"ListItem","position":2,"name":"A\u00f1o 2023: Desempe\u00f1o del Sector Pesca y Acuicultura"}]},{"@type":"WebSite","@id":"https:\/\/www.producempresarial.pe\/#website","url":"https:\/\/www.producempresarial.pe\/","name":"PRODUCEmpresarial Observatory","description":"Herramienta estrat\u00e9gica que integra y genera peri\u00f3dicamente evidencia y an\u00e1lisis sobre el desempe\u00f1o productivo del sector empresarial, as\u00ed como contribuye en la difusi\u00f3n de informaci\u00f3n y documentos t\u00e9cnicos anal\u00edticos y especializados sobre el desempe\u00f1o de las empresas en el Per\u00fa.","publisher":{"@id":"https:\/\/www.producempresarial.pe\/#organization"},"potentialAction":[{"@type":"SearchAction","target":{"@type":"EntryPoint","urlTemplate":"https:\/\/www.producempresarial.pe\/?s={search_term_string}"},"query-input":{"@type":"PropertyValueSpecification","valueRequired":true,"valueName":"search_term_string"}}],"inLanguage":"en-US"},{"@type":"Organization","@id":"https:\/\/www.producempresarial.pe\/#organization","name":"PRDOUCE","url":"https:\/\/www.producempresarial.pe\/","logo":{"@type":"ImageObject","inLanguage":"en-US","@id":"https:\/\/www.producempresarial.pe\/#\/schema\/logo\/image\/","url":"https:\/\/www.producempresarial.pe\/wp-content\/uploads\/2024\/02\/image-logo-share.png","contentUrl":"https:\/\/www.producempresarial.pe\/wp-content\/uploads\/2024\/02\/image-logo-share.png","width":1200,"height":628,"caption":"PRDOUCE"},"image":{"@id":"https:\/\/www.producempresarial.pe\/#\/schema\/logo\/image\/"}},{"@type":"Person","@id":"https:\/\/www.producempresarial.pe\/#\/schema\/person\/0328861ffdd93d6ea9725cbe7f6e48ca","name":"Renzo Figueroa","url":"https:\/\/www.producempresarial.pe\/en\/author\/rfigueroa\/"}]}},"_links":{"self":[{"href":"https:\/\/www.producempresarial.pe\/en\/wp-json\/wp\/v2\/posts\/13228","targetHints":{"allow":["GET"]}}],"collection":[{"href":"https:\/\/www.producempresarial.pe\/en\/wp-json\/wp\/v2\/posts"}],"about":[{"href":"https:\/\/www.producempresarial.pe\/en\/wp-json\/wp\/v2\/types\/post"}],"author":[{"embeddable":true,"href":"https:\/\/www.producempresarial.pe\/en\/wp-json\/wp\/v2\/users\/22"}],"replies":[{"embeddable":true,"href":"https:\/\/www.producempresarial.pe\/en\/wp-json\/wp\/v2\/comments?post=13228"}],"version-history":[{"count":14,"href":"https:\/\/www.producempresarial.pe\/en\/wp-json\/wp\/v2\/posts\/13228\/revisions"}],"predecessor-version":[{"id":18993,"href":"https:\/\/www.producempresarial.pe\/en\/wp-json\/wp\/v2\/posts\/13228\/revisions\/18993"}],"wp:featuredmedia":[{"embeddable":true,"href":"https:\/\/www.producempresarial.pe\/en\/wp-json\/wp\/v2\/media\/13254"}],"wp:attachment":[{"href":"https:\/\/www.producempresarial.pe\/en\/wp-json\/wp\/v2\/media?parent=13228"}],"wp:term":[{"taxonomy":"category","embeddable":true,"href":"https:\/\/www.producempresarial.pe\/en\/wp-json\/wp\/v2\/categories?post=13228"},{"taxonomy":"post_tag","embeddable":true,"href":"https:\/\/www.producempresarial.pe\/en\/wp-json\/wp\/v2\/tags?post=13228"}],"curies":[{"name":"wp","href":"https:\/\/api.w.org\/{rel}","templated":true}]}}