{"id":16085,"date":"2024-03-07T10:39:00","date_gmt":"2024-03-07T15:39:00","guid":{"rendered":"https:\/\/www.producempresarial.pe\/?p=16085"},"modified":"2024-05-16T16:54:39","modified_gmt":"2024-05-16T21:54:39","slug":"cluster-gastronomia-y-foodservice","status":"publish","type":"post","link":"https:\/\/www.producempresarial.pe\/en\/cluster-gastronomia-y-foodservice\/","title":{"rendered":"Cl\u00faster Gastronom\u00eda y Food Service"},"content":{"rendered":"<p>Los criterios de Identificaci\u00f3n de cl\u00faster son <strong>Pertenencia a un mismo negocio<\/strong>, que incluye la identificaci\u00f3n de los \u00e1mbitos de negocio existentes en funci\u00f3n al an\u00e1lisis de productos, servicios, tecnolog\u00edas de productos o procesos, clientes, mercados y\/o canales de compra: aquellas actividades empresariales comunes que caracterizan a las empresas; <strong>Masa Cr\u00edtica<\/strong>, que consiste en la identificaci\u00f3n de la existencia de un gran n\u00famero de empresas (masa cr\u00edtica) de un negocio a lo largo de la cadena de valor. Dependiendo de las caracter\u00edsticas del negocio se realiza una valoraci\u00f3n para determinar si cuenta como una masa cr\u00edtica elevada; <strong>Concentraci\u00f3n geogr\u00e1fica<\/strong>, criterio que analiza la delimitaci\u00f3n geogr\u00e1fica de la ubicaci\u00f3n del cl\u00faster, d\u00f3nde la gran mayor\u00eda de empresas (masa cr\u00edtica) se encuentran concentradas y pr\u00f3ximas geogr\u00e1ficamente; <strong>Presencia de eslabones de la cadena de valor<\/strong>, que analiza cada segmento de negocio para identificar si este forma parte de una cadena de valor y <strong>Demanda no solo local<\/strong>, la que analiza la existencia o potencial existencia de exportaciones del negocio.<\/p>\n\n\n\n<div data-wp-interactive=\"core\/file\" class=\"wp-block-file\"><object data-wp-bind--hidden=\"!state.hasPdfPreview\" hidden class=\"wp-block-file__embed\" data=\"https:\/\/www.producempresarial.pe\/wp-content\/uploads\/2024\/05\/9-HT_Expo1-V6-Gastronomia.pdf\" type=\"application\/pdf\" style=\"width:100%;height:600px\" aria-label=\"Embed of 9-HT_Expo1-V6-Gastronomia.\"><\/object><a id=\"wp-block-file--media-cf33dfd8-f021-4bec-be41-72acf155a59d\" href=\"https:\/\/www.producempresarial.pe\/wp-content\/uploads\/2024\/05\/9-HT_Expo1-V6-Gastronomia.pdf\">9-HT_Expo1-V6-Gastronomia<\/a><a href=\"https:\/\/www.producempresarial.pe\/wp-content\/uploads\/2024\/05\/9-HT_Expo1-V6-Gastronomia.pdf\" class=\"wp-block-file__button wp-element-button\" download aria-describedby=\"wp-block-file--media-cf33dfd8-f021-4bec-be41-72acf155a59d\">Download<\/a><\/div>","protected":false},"excerpt":{"rendered":"<p>Los criterios de Identificaci\u00f3n de cl\u00faster son Pertenencia a un mismo negocio, que incluye la identificaci\u00f3n de los \u00e1mbitos de negocio existentes en funci\u00f3n al an\u00e1lisis de productos, servicios, tecnolog\u00edas de productos o procesos, clientes, mercados y\/o canales de compra: aquellas actividades empresariales comunes que caracterizan a las empresas; Masa Cr\u00edtica, que consiste en la &#8230; <a title=\"Cl\u00faster Gastronom\u00eda y Food Service\" class=\"read-more\" href=\"https:\/\/www.producempresarial.pe\/en\/cluster-gastronomia-y-foodservice\/\" aria-label=\"Read more about Cl\u00faster Gastronom\u00eda y Food Service\">Read more<\/a><\/p>","protected":false},"author":1,"featured_media":16087,"comment_status":"open","ping_status":"open","sticky":false,"template":"","format":"standard","meta":{"_acf_changed":false,"footnotes":""},"categories":[294,233],"tags":[],"class_list":["post-16085","post","type-post","status-publish","format-standard","has-post-thumbnail","hentry","category-clusters-cadenas-valor","category-informacion-regional-om"],"acf":[],"yoast_head":"<!-- This site is optimized with the Yoast SEO plugin v27.1.1 - https:\/\/yoast.com\/product\/yoast-seo-wordpress\/ -->\n<title>Cl\u00faster Gastronom\u00eda y Food Service - Observatorio PRODUCEmpresarial<\/title>\n<meta name=\"robots\" content=\"index, follow, max-snippet:-1, max-image-preview:large, max-video-preview:-1\" \/>\n<link rel=\"canonical\" href=\"https:\/\/www.producempresarial.pe\/en\/cluster-gastronomia-y-foodservice\/\" \/>\n<meta property=\"og:locale\" content=\"en_US\" \/>\n<meta property=\"og:type\" content=\"article\" \/>\n<meta property=\"og:title\" content=\"Cl\u00faster Gastronom\u00eda y Food Service - Observatorio PRODUCEmpresarial\" \/>\n<meta property=\"og:description\" content=\"Los criterios de Identificaci\u00f3n de cl\u00faster son Pertenencia a un mismo negocio, que incluye la identificaci\u00f3n de los \u00e1mbitos de negocio existentes en funci\u00f3n al an\u00e1lisis de productos, servicios, tecnolog\u00edas de productos o procesos, clientes, mercados y\/o canales de compra: aquellas actividades empresariales comunes que caracterizan a las empresas; Masa Cr\u00edtica, que consiste en la ... Read more\" \/>\n<meta property=\"og:url\" content=\"https:\/\/www.producempresarial.pe\/en\/cluster-gastronomia-y-foodservice\/\" \/>\n<meta property=\"og:site_name\" content=\"Observatorio PRODUCEmpresarial\" \/>\n<meta property=\"article:published_time\" content=\"2024-03-07T15:39:00+00:00\" \/>\n<meta property=\"article:modified_time\" content=\"2024-05-16T21:54:39+00:00\" \/>\n<meta property=\"og:image\" content=\"https:\/\/www.producempresarial.pe\/wp-content\/uploads\/2024\/03\/Cluster-gastronomia-y-food-service.png\" \/>\n\t<meta property=\"og:image:width\" content=\"1437\" \/>\n\t<meta property=\"og:image:height\" content=\"809\" \/>\n\t<meta property=\"og:image:type\" content=\"image\/png\" \/>\n<meta name=\"author\" content=\"admin\" \/>\n<meta name=\"twitter:card\" content=\"summary_large_image\" \/>\n<meta name=\"twitter:label1\" content=\"Written por\" \/>\n\t<meta name=\"twitter:data1\" content=\"admin\" \/>\n\t<meta name=\"twitter:label2\" content=\"Est. reading time\" \/>\n\t<meta name=\"twitter:data2\" content=\"1 minute\" \/>\n<script type=\"application\/ld+json\" class=\"yoast-schema-graph\">{\"@context\":\"https:\/\/schema.org\",\"@graph\":[{\"@type\":\"Article\",\"@id\":\"https:\/\/www.producempresarial.pe\/cluster-gastronomia-y-foodservice\/#article\",\"isPartOf\":{\"@id\":\"https:\/\/www.producempresarial.pe\/cluster-gastronomia-y-foodservice\/\"},\"author\":{\"name\":\"admin\",\"@id\":\"https:\/\/www.producempresarial.pe\/#\/schema\/person\/6e13e1f2f8fc108ce3789cbdb23a5d21\"},\"headline\":\"Cl\u00faster Gastronom\u00eda y Food Service\",\"datePublished\":\"2024-03-07T15:39:00+00:00\",\"dateModified\":\"2024-05-16T21:54:39+00:00\",\"mainEntityOfPage\":{\"@id\":\"https:\/\/www.producempresarial.pe\/cluster-gastronomia-y-foodservice\/\"},\"wordCount\":203,\"commentCount\":0,\"publisher\":{\"@id\":\"https:\/\/www.producempresarial.pe\/#organization\"},\"image\":{\"@id\":\"https:\/\/www.producempresarial.pe\/cluster-gastronomia-y-foodservice\/#primaryimage\"},\"thumbnailUrl\":\"https:\/\/www.producempresarial.pe\/wp-content\/uploads\/2024\/03\/Cluster-gastronomia-y-food-service.png\",\"articleSection\":[\"Cl\u00fasters y Cadenas de Valor\",\"Informaci\u00f3n Regional\"],\"inLanguage\":\"en-US\",\"potentialAction\":[{\"@type\":\"CommentAction\",\"name\":\"Comment\",\"target\":[\"https:\/\/www.producempresarial.pe\/cluster-gastronomia-y-foodservice\/#respond\"]}]},{\"@type\":\"WebPage\",\"@id\":\"https:\/\/www.producempresarial.pe\/cluster-gastronomia-y-foodservice\/\",\"url\":\"https:\/\/www.producempresarial.pe\/cluster-gastronomia-y-foodservice\/\",\"name\":\"Cl\u00faster Gastronom\u00eda y Food Service - Observatorio PRODUCEmpresarial\",\"isPartOf\":{\"@id\":\"https:\/\/www.producempresarial.pe\/#website\"},\"primaryImageOfPage\":{\"@id\":\"https:\/\/www.producempresarial.pe\/cluster-gastronomia-y-foodservice\/#primaryimage\"},\"image\":{\"@id\":\"https:\/\/www.producempresarial.pe\/cluster-gastronomia-y-foodservice\/#primaryimage\"},\"thumbnailUrl\":\"https:\/\/www.producempresarial.pe\/wp-content\/uploads\/2024\/03\/Cluster-gastronomia-y-food-service.png\",\"datePublished\":\"2024-03-07T15:39:00+00:00\",\"dateModified\":\"2024-05-16T21:54:39+00:00\",\"breadcrumb\":{\"@id\":\"https:\/\/www.producempresarial.pe\/cluster-gastronomia-y-foodservice\/#breadcrumb\"},\"inLanguage\":\"en-US\",\"potentialAction\":[{\"@type\":\"ReadAction\",\"target\":[\"https:\/\/www.producempresarial.pe\/cluster-gastronomia-y-foodservice\/\"]}]},{\"@type\":\"ImageObject\",\"inLanguage\":\"en-US\",\"@id\":\"https:\/\/www.producempresarial.pe\/cluster-gastronomia-y-foodservice\/#primaryimage\",\"url\":\"https:\/\/www.producempresarial.pe\/wp-content\/uploads\/2024\/03\/Cluster-gastronomia-y-food-service.png\",\"contentUrl\":\"https:\/\/www.producempresarial.pe\/wp-content\/uploads\/2024\/03\/Cluster-gastronomia-y-food-service.png\",\"width\":1437,\"height\":809},{\"@type\":\"BreadcrumbList\",\"@id\":\"https:\/\/www.producempresarial.pe\/cluster-gastronomia-y-foodservice\/#breadcrumb\",\"itemListElement\":[{\"@type\":\"ListItem\",\"position\":1,\"name\":\"Home\",\"item\":\"https:\/\/www.producempresarial.pe\/\"},{\"@type\":\"ListItem\",\"position\":2,\"name\":\"Cl\u00faster Gastronom\u00eda y Food Service\"}]},{\"@type\":\"WebSite\",\"@id\":\"https:\/\/www.producempresarial.pe\/#website\",\"url\":\"https:\/\/www.producempresarial.pe\/\",\"name\":\"Observatorio PRODUCEmpresarial\",\"description\":\"Herramienta estrat\u00e9gica que integra y genera peri\u00f3dicamente evidencia y an\u00e1lisis sobre el desempe\u00f1o productivo del sector empresarial, as\u00ed como contribuye en la difusi\u00f3n de informaci\u00f3n y documentos t\u00e9cnicos anal\u00edticos y especializados sobre el desempe\u00f1o de las empresas en el Per\u00fa.\",\"publisher\":{\"@id\":\"https:\/\/www.producempresarial.pe\/#organization\"},\"potentialAction\":[{\"@type\":\"SearchAction\",\"target\":{\"@type\":\"EntryPoint\",\"urlTemplate\":\"https:\/\/www.producempresarial.pe\/?s={search_term_string}\"},\"query-input\":{\"@type\":\"PropertyValueSpecification\",\"valueRequired\":true,\"valueName\":\"search_term_string\"}}],\"inLanguage\":\"en-US\"},{\"@type\":\"Organization\",\"@id\":\"https:\/\/www.producempresarial.pe\/#organization\",\"name\":\"PRDOUCE\",\"url\":\"https:\/\/www.producempresarial.pe\/\",\"logo\":{\"@type\":\"ImageObject\",\"inLanguage\":\"en-US\",\"@id\":\"https:\/\/www.producempresarial.pe\/#\/schema\/logo\/image\/\",\"url\":\"https:\/\/www.producempresarial.pe\/wp-content\/uploads\/2024\/02\/image-logo-share.png\",\"contentUrl\":\"https:\/\/www.producempresarial.pe\/wp-content\/uploads\/2024\/02\/image-logo-share.png\",\"width\":1200,\"height\":628,\"caption\":\"PRDOUCE\"},\"image\":{\"@id\":\"https:\/\/www.producempresarial.pe\/#\/schema\/logo\/image\/\"}},{\"@type\":\"Person\",\"@id\":\"https:\/\/www.producempresarial.pe\/#\/schema\/person\/6e13e1f2f8fc108ce3789cbdb23a5d21\",\"name\":\"admin\",\"sameAs\":[\"https:\/\/www.producempresarial.pe\"],\"url\":\"https:\/\/www.producempresarial.pe\/en\/author\/admin\/\"}]}<\/script>\n<!-- \/ Yoast SEO plugin. -->","yoast_head_json":{"title":"Cl\u00faster Gastronom\u00eda y Food Service - Observatorio PRODUCEmpresarial","robots":{"index":"index","follow":"follow","max-snippet":"max-snippet:-1","max-image-preview":"max-image-preview:large","max-video-preview":"max-video-preview:-1"},"canonical":"https:\/\/www.producempresarial.pe\/en\/cluster-gastronomia-y-foodservice\/","og_locale":"en_US","og_type":"article","og_title":"Cl\u00faster Gastronom\u00eda y Food Service - Observatorio PRODUCEmpresarial","og_description":"Los criterios de Identificaci\u00f3n de cl\u00faster son Pertenencia a un mismo negocio, que incluye la identificaci\u00f3n de los \u00e1mbitos de negocio existentes en funci\u00f3n al an\u00e1lisis de productos, servicios, tecnolog\u00edas de productos o procesos, clientes, mercados y\/o canales de compra: aquellas actividades empresariales comunes que caracterizan a las empresas; Masa Cr\u00edtica, que consiste en la ... Read more","og_url":"https:\/\/www.producempresarial.pe\/en\/cluster-gastronomia-y-foodservice\/","og_site_name":"Observatorio PRODUCEmpresarial","article_published_time":"2024-03-07T15:39:00+00:00","article_modified_time":"2024-05-16T21:54:39+00:00","og_image":[{"width":1437,"height":809,"url":"https:\/\/www.producempresarial.pe\/wp-content\/uploads\/2024\/03\/Cluster-gastronomia-y-food-service.png","type":"image\/png"}],"author":"admin","twitter_card":"summary_large_image","twitter_misc":{"Written por":"admin","Est. reading time":"1 minute"},"schema":{"@context":"https:\/\/schema.org","@graph":[{"@type":"Article","@id":"https:\/\/www.producempresarial.pe\/cluster-gastronomia-y-foodservice\/#article","isPartOf":{"@id":"https:\/\/www.producempresarial.pe\/cluster-gastronomia-y-foodservice\/"},"author":{"name":"admin","@id":"https:\/\/www.producempresarial.pe\/#\/schema\/person\/6e13e1f2f8fc108ce3789cbdb23a5d21"},"headline":"Cl\u00faster Gastronom\u00eda y Food Service","datePublished":"2024-03-07T15:39:00+00:00","dateModified":"2024-05-16T21:54:39+00:00","mainEntityOfPage":{"@id":"https:\/\/www.producempresarial.pe\/cluster-gastronomia-y-foodservice\/"},"wordCount":203,"commentCount":0,"publisher":{"@id":"https:\/\/www.producempresarial.pe\/#organization"},"image":{"@id":"https:\/\/www.producempresarial.pe\/cluster-gastronomia-y-foodservice\/#primaryimage"},"thumbnailUrl":"https:\/\/www.producempresarial.pe\/wp-content\/uploads\/2024\/03\/Cluster-gastronomia-y-food-service.png","articleSection":["Cl\u00fasters y Cadenas de Valor","Informaci\u00f3n Regional"],"inLanguage":"en-US","potentialAction":[{"@type":"CommentAction","name":"Comment","target":["https:\/\/www.producempresarial.pe\/cluster-gastronomia-y-foodservice\/#respond"]}]},{"@type":"WebPage","@id":"https:\/\/www.producempresarial.pe\/cluster-gastronomia-y-foodservice\/","url":"https:\/\/www.producempresarial.pe\/cluster-gastronomia-y-foodservice\/","name":"Cl\u00faster Gastronom\u00eda y Food Service - Observatorio PRODUCEmpresarial","isPartOf":{"@id":"https:\/\/www.producempresarial.pe\/#website"},"primaryImageOfPage":{"@id":"https:\/\/www.producempresarial.pe\/cluster-gastronomia-y-foodservice\/#primaryimage"},"image":{"@id":"https:\/\/www.producempresarial.pe\/cluster-gastronomia-y-foodservice\/#primaryimage"},"thumbnailUrl":"https:\/\/www.producempresarial.pe\/wp-content\/uploads\/2024\/03\/Cluster-gastronomia-y-food-service.png","datePublished":"2024-03-07T15:39:00+00:00","dateModified":"2024-05-16T21:54:39+00:00","breadcrumb":{"@id":"https:\/\/www.producempresarial.pe\/cluster-gastronomia-y-foodservice\/#breadcrumb"},"inLanguage":"en-US","potentialAction":[{"@type":"ReadAction","target":["https:\/\/www.producempresarial.pe\/cluster-gastronomia-y-foodservice\/"]}]},{"@type":"ImageObject","inLanguage":"en-US","@id":"https:\/\/www.producempresarial.pe\/cluster-gastronomia-y-foodservice\/#primaryimage","url":"https:\/\/www.producempresarial.pe\/wp-content\/uploads\/2024\/03\/Cluster-gastronomia-y-food-service.png","contentUrl":"https:\/\/www.producempresarial.pe\/wp-content\/uploads\/2024\/03\/Cluster-gastronomia-y-food-service.png","width":1437,"height":809},{"@type":"BreadcrumbList","@id":"https:\/\/www.producempresarial.pe\/cluster-gastronomia-y-foodservice\/#breadcrumb","itemListElement":[{"@type":"ListItem","position":1,"name":"Home","item":"https:\/\/www.producempresarial.pe\/"},{"@type":"ListItem","position":2,"name":"Cl\u00faster Gastronom\u00eda y Food Service"}]},{"@type":"WebSite","@id":"https:\/\/www.producempresarial.pe\/#website","url":"https:\/\/www.producempresarial.pe\/","name":"PRODUCEmpresarial Observatory","description":"Herramienta estrat\u00e9gica que integra y genera peri\u00f3dicamente evidencia y an\u00e1lisis sobre el desempe\u00f1o productivo del sector empresarial, as\u00ed como contribuye en la difusi\u00f3n de informaci\u00f3n y documentos t\u00e9cnicos anal\u00edticos y especializados sobre el desempe\u00f1o de las empresas en el Per\u00fa.","publisher":{"@id":"https:\/\/www.producempresarial.pe\/#organization"},"potentialAction":[{"@type":"SearchAction","target":{"@type":"EntryPoint","urlTemplate":"https:\/\/www.producempresarial.pe\/?s={search_term_string}"},"query-input":{"@type":"PropertyValueSpecification","valueRequired":true,"valueName":"search_term_string"}}],"inLanguage":"en-US"},{"@type":"Organization","@id":"https:\/\/www.producempresarial.pe\/#organization","name":"PRDOUCE","url":"https:\/\/www.producempresarial.pe\/","logo":{"@type":"ImageObject","inLanguage":"en-US","@id":"https:\/\/www.producempresarial.pe\/#\/schema\/logo\/image\/","url":"https:\/\/www.producempresarial.pe\/wp-content\/uploads\/2024\/02\/image-logo-share.png","contentUrl":"https:\/\/www.producempresarial.pe\/wp-content\/uploads\/2024\/02\/image-logo-share.png","width":1200,"height":628,"caption":"PRDOUCE"},"image":{"@id":"https:\/\/www.producempresarial.pe\/#\/schema\/logo\/image\/"}},{"@type":"Person","@id":"https:\/\/www.producempresarial.pe\/#\/schema\/person\/6e13e1f2f8fc108ce3789cbdb23a5d21","name":"admin","sameAs":["https:\/\/www.producempresarial.pe"],"url":"https:\/\/www.producempresarial.pe\/en\/author\/admin\/"}]}},"_links":{"self":[{"href":"https:\/\/www.producempresarial.pe\/en\/wp-json\/wp\/v2\/posts\/16085","targetHints":{"allow":["GET"]}}],"collection":[{"href":"https:\/\/www.producempresarial.pe\/en\/wp-json\/wp\/v2\/posts"}],"about":[{"href":"https:\/\/www.producempresarial.pe\/en\/wp-json\/wp\/v2\/types\/post"}],"author":[{"embeddable":true,"href":"https:\/\/www.producempresarial.pe\/en\/wp-json\/wp\/v2\/users\/1"}],"replies":[{"embeddable":true,"href":"https:\/\/www.producempresarial.pe\/en\/wp-json\/wp\/v2\/comments?post=16085"}],"version-history":[{"count":4,"href":"https:\/\/www.producempresarial.pe\/en\/wp-json\/wp\/v2\/posts\/16085\/revisions"}],"predecessor-version":[{"id":16857,"href":"https:\/\/www.producempresarial.pe\/en\/wp-json\/wp\/v2\/posts\/16085\/revisions\/16857"}],"wp:featuredmedia":[{"embeddable":true,"href":"https:\/\/www.producempresarial.pe\/en\/wp-json\/wp\/v2\/media\/16087"}],"wp:attachment":[{"href":"https:\/\/www.producempresarial.pe\/en\/wp-json\/wp\/v2\/media?parent=16085"}],"wp:term":[{"taxonomy":"category","embeddable":true,"href":"https:\/\/www.producempresarial.pe\/en\/wp-json\/wp\/v2\/categories?post=16085"},{"taxonomy":"post_tag","embeddable":true,"href":"https:\/\/www.producempresarial.pe\/en\/wp-json\/wp\/v2\/tags?post=16085"}],"curies":[{"name":"wp","href":"https:\/\/api.w.org\/{rel}","templated":true}]}}