{"id":1695,"date":"2023-12-29T13:15:48","date_gmt":"2023-12-29T13:15:48","guid":{"rendered":"https:\/\/www.producempresarial.pe\/?p=1695"},"modified":"2024-01-26T14:59:00","modified_gmt":"2024-01-26T19:59:00","slug":"estudios-de-diagnostico-de-crecimiento-region-de-arequipa","status":"publish","type":"post","link":"https:\/\/www.producempresarial.pe\/en\/estudios-de-diagnostico-de-crecimiento-region-de-arequipa\/","title":{"rendered":"Growth Diagnostic Study: Arequipa"},"content":{"rendered":"<div data-wp-interactive=\"core\/file\" class=\"wp-block-file\"><object data-wp-bind--hidden=\"!state.hasPdfPreview\" hidden class=\"wp-block-file__embed\" data=\"https:\/\/www.producempresarial.pe\/wp-content\/uploads\/2023\/12\/RepArequipa_Alta.pdf\" type=\"application\/pdf\" style=\"width:100%;height:600px\" aria-label=\"Embed of RepArequipa_Alta.\"><\/object><a id=\"wp-block-file--media-e8becd67-58b8-4255-be48-7a50269c0091\" href=\"https:\/\/www.producempresarial.pe\/wp-content\/uploads\/2023\/12\/RepArequipa_Alta.pdf\">RepArequipa_Alta<\/a><a href=\"https:\/\/www.producempresarial.pe\/wp-content\/uploads\/2023\/12\/RepArequipa_Alta.pdf\" class=\"wp-block-file__button wp-element-button\" download aria-describedby=\"wp-block-file--media-e8becd67-58b8-4255-be48-7a50269c0091\">Download document<\/a><\/div>\n\n\n\n<p>Arequipa is one of the regions with the greatest growth potential in the country. According to the 2014 Regional Competitiveness Index (INCORE) report conducted by the Peruvian Institute of Economics (IPE), Arequipa is ranked as the third most competitive region. <\/p>","protected":false},"excerpt":{"rendered":"<p>Arequipa is one of the regions with the greatest growth potential in the country. According to the 2014 Regional Competitiveness Index (INCORE) report conducted by the Peruvian Institute of Economics (IPE), Arequipa is ranked as the third most competitive region.<\/p>","protected":false},"author":1,"featured_media":842,"comment_status":"open","ping_status":"open","sticky":false,"template":"","format":"standard","meta":{"_acf_changed":false,"footnotes":""},"categories":[289],"tags":[],"class_list":["post-1695","post","type-post","status-publish","format-standard","has-post-thumbnail","hentry","category-informacion-estudios"],"acf":[],"yoast_head":"<!-- This site is optimized with the Yoast SEO plugin v27.1.1 - https:\/\/yoast.com\/product\/yoast-seo-wordpress\/ -->\n<title>Estudio de Diagn\u00f3stico de Crecimiento: Regi\u00f3n Arequipa - Observatorio PRODUCEmpresarial<\/title>\n<meta name=\"robots\" content=\"index, follow, max-snippet:-1, max-image-preview:large, max-video-preview:-1\" \/>\n<link rel=\"canonical\" href=\"https:\/\/www.producempresarial.pe\/en\/estudios-de-diagnostico-de-crecimiento-region-de-arequipa\/\" \/>\n<meta property=\"og:locale\" content=\"en_US\" \/>\n<meta property=\"og:type\" content=\"article\" \/>\n<meta property=\"og:title\" content=\"Estudio de Diagn\u00f3stico de Crecimiento: Regi\u00f3n Arequipa - Observatorio PRODUCEmpresarial\" \/>\n<meta property=\"og:description\" content=\"Arequipa es una de las regiones con mayor potencial de crecimiento en el pa\u00eds. De acuerdo con el informe del \u00cdndice de Competitividad Regional 2014 (INCORE), realizado por el Instituto Peruano de Econom\u00eda (IPE), ubica a Arequipa como la tercera regi\u00f3n con mayor nivel de competitividad.\" \/>\n<meta property=\"og:url\" content=\"https:\/\/www.producempresarial.pe\/en\/estudios-de-diagnostico-de-crecimiento-region-de-arequipa\/\" \/>\n<meta property=\"og:site_name\" content=\"Observatorio PRODUCEmpresarial\" \/>\n<meta property=\"article:published_time\" content=\"2023-12-29T13:15:48+00:00\" \/>\n<meta property=\"article:modified_time\" content=\"2024-01-26T19:59:00+00:00\" \/>\n<meta property=\"og:image\" content=\"https:\/\/www.producempresarial.pe\/wp-content\/uploads\/2023\/12\/Captura-de-pantalla-2023-12-23-203309.png\" \/>\n\t<meta property=\"og:image:width\" content=\"256\" \/>\n\t<meta property=\"og:image:height\" content=\"355\" \/>\n\t<meta property=\"og:image:type\" content=\"image\/png\" \/>\n<meta name=\"author\" content=\"admin\" \/>\n<meta name=\"twitter:card\" content=\"summary_large_image\" \/>\n<meta name=\"twitter:label1\" content=\"Written por\" \/>\n\t<meta name=\"twitter:data1\" content=\"admin\" \/>\n<script type=\"application\/ld+json\" class=\"yoast-schema-graph\">{\"@context\":\"https:\/\/schema.org\",\"@graph\":[{\"@type\":\"Article\",\"@id\":\"https:\/\/www.producempresarial.pe\/estudios-de-diagnostico-de-crecimiento-region-de-arequipa\/#article\",\"isPartOf\":{\"@id\":\"https:\/\/www.producempresarial.pe\/estudios-de-diagnostico-de-crecimiento-region-de-arequipa\/\"},\"author\":{\"name\":\"admin\",\"@id\":\"https:\/\/www.producempresarial.pe\/#\/schema\/person\/6e13e1f2f8fc108ce3789cbdb23a5d21\"},\"headline\":\"Estudio de Diagn\u00f3stico de Crecimiento: Regi\u00f3n Arequipa\",\"datePublished\":\"2023-12-29T13:15:48+00:00\",\"dateModified\":\"2024-01-26T19:59:00+00:00\",\"mainEntityOfPage\":{\"@id\":\"https:\/\/www.producempresarial.pe\/estudios-de-diagnostico-de-crecimiento-region-de-arequipa\/\"},\"wordCount\":60,\"commentCount\":0,\"publisher\":{\"@id\":\"https:\/\/www.producempresarial.pe\/#organization\"},\"image\":{\"@id\":\"https:\/\/www.producempresarial.pe\/estudios-de-diagnostico-de-crecimiento-region-de-arequipa\/#primaryimage\"},\"thumbnailUrl\":\"https:\/\/www.producempresarial.pe\/wp-content\/uploads\/2023\/12\/Captura-de-pantalla-2023-12-23-203309.png\",\"articleSection\":[\"Estudios Regionales\"],\"inLanguage\":\"en-US\",\"potentialAction\":[{\"@type\":\"CommentAction\",\"name\":\"Comment\",\"target\":[\"https:\/\/www.producempresarial.pe\/estudios-de-diagnostico-de-crecimiento-region-de-arequipa\/#respond\"]}]},{\"@type\":\"WebPage\",\"@id\":\"https:\/\/www.producempresarial.pe\/estudios-de-diagnostico-de-crecimiento-region-de-arequipa\/\",\"url\":\"https:\/\/www.producempresarial.pe\/estudios-de-diagnostico-de-crecimiento-region-de-arequipa\/\",\"name\":\"Estudio de Diagn\u00f3stico de Crecimiento: Regi\u00f3n Arequipa - Observatorio PRODUCEmpresarial\",\"isPartOf\":{\"@id\":\"https:\/\/www.producempresarial.pe\/#website\"},\"primaryImageOfPage\":{\"@id\":\"https:\/\/www.producempresarial.pe\/estudios-de-diagnostico-de-crecimiento-region-de-arequipa\/#primaryimage\"},\"image\":{\"@id\":\"https:\/\/www.producempresarial.pe\/estudios-de-diagnostico-de-crecimiento-region-de-arequipa\/#primaryimage\"},\"thumbnailUrl\":\"https:\/\/www.producempresarial.pe\/wp-content\/uploads\/2023\/12\/Captura-de-pantalla-2023-12-23-203309.png\",\"datePublished\":\"2023-12-29T13:15:48+00:00\",\"dateModified\":\"2024-01-26T19:59:00+00:00\",\"breadcrumb\":{\"@id\":\"https:\/\/www.producempresarial.pe\/estudios-de-diagnostico-de-crecimiento-region-de-arequipa\/#breadcrumb\"},\"inLanguage\":\"en-US\",\"potentialAction\":[{\"@type\":\"ReadAction\",\"target\":[\"https:\/\/www.producempresarial.pe\/estudios-de-diagnostico-de-crecimiento-region-de-arequipa\/\"]}]},{\"@type\":\"ImageObject\",\"inLanguage\":\"en-US\",\"@id\":\"https:\/\/www.producempresarial.pe\/estudios-de-diagnostico-de-crecimiento-region-de-arequipa\/#primaryimage\",\"url\":\"https:\/\/www.producempresarial.pe\/wp-content\/uploads\/2023\/12\/Captura-de-pantalla-2023-12-23-203309.png\",\"contentUrl\":\"https:\/\/www.producempresarial.pe\/wp-content\/uploads\/2023\/12\/Captura-de-pantalla-2023-12-23-203309.png\",\"width\":256,\"height\":355},{\"@type\":\"BreadcrumbList\",\"@id\":\"https:\/\/www.producempresarial.pe\/estudios-de-diagnostico-de-crecimiento-region-de-arequipa\/#breadcrumb\",\"itemListElement\":[{\"@type\":\"ListItem\",\"position\":1,\"name\":\"Home\",\"item\":\"https:\/\/www.producempresarial.pe\/\"},{\"@type\":\"ListItem\",\"position\":2,\"name\":\"Estudio de Diagn\u00f3stico de Crecimiento: Regi\u00f3n Arequipa\"}]},{\"@type\":\"WebSite\",\"@id\":\"https:\/\/www.producempresarial.pe\/#website\",\"url\":\"https:\/\/www.producempresarial.pe\/\",\"name\":\"Observatorio PRODUCEmpresarial\",\"description\":\"Herramienta estrat\u00e9gica que integra y genera peri\u00f3dicamente evidencia y an\u00e1lisis sobre el desempe\u00f1o productivo del sector empresarial, as\u00ed como contribuye en la difusi\u00f3n de informaci\u00f3n y documentos t\u00e9cnicos anal\u00edticos y especializados sobre el desempe\u00f1o de las empresas en el Per\u00fa.\",\"publisher\":{\"@id\":\"https:\/\/www.producempresarial.pe\/#organization\"},\"potentialAction\":[{\"@type\":\"SearchAction\",\"target\":{\"@type\":\"EntryPoint\",\"urlTemplate\":\"https:\/\/www.producempresarial.pe\/?s={search_term_string}\"},\"query-input\":{\"@type\":\"PropertyValueSpecification\",\"valueRequired\":true,\"valueName\":\"search_term_string\"}}],\"inLanguage\":\"en-US\"},{\"@type\":\"Organization\",\"@id\":\"https:\/\/www.producempresarial.pe\/#organization\",\"name\":\"PRDOUCE\",\"url\":\"https:\/\/www.producempresarial.pe\/\",\"logo\":{\"@type\":\"ImageObject\",\"inLanguage\":\"en-US\",\"@id\":\"https:\/\/www.producempresarial.pe\/#\/schema\/logo\/image\/\",\"url\":\"https:\/\/www.producempresarial.pe\/wp-content\/uploads\/2024\/02\/image-logo-share.png\",\"contentUrl\":\"https:\/\/www.producempresarial.pe\/wp-content\/uploads\/2024\/02\/image-logo-share.png\",\"width\":1200,\"height\":628,\"caption\":\"PRDOUCE\"},\"image\":{\"@id\":\"https:\/\/www.producempresarial.pe\/#\/schema\/logo\/image\/\"}},{\"@type\":\"Person\",\"@id\":\"https:\/\/www.producempresarial.pe\/#\/schema\/person\/6e13e1f2f8fc108ce3789cbdb23a5d21\",\"name\":\"admin\",\"sameAs\":[\"https:\/\/www.producempresarial.pe\"],\"url\":\"https:\/\/www.producempresarial.pe\/en\/author\/admin\/\"}]}<\/script>\n<!-- \/ Yoast SEO plugin. -->","yoast_head_json":{"title":"Estudio de Diagn\u00f3stico de Crecimiento: Regi\u00f3n Arequipa - Observatorio PRODUCEmpresarial","robots":{"index":"index","follow":"follow","max-snippet":"max-snippet:-1","max-image-preview":"max-image-preview:large","max-video-preview":"max-video-preview:-1"},"canonical":"https:\/\/www.producempresarial.pe\/en\/estudios-de-diagnostico-de-crecimiento-region-de-arequipa\/","og_locale":"en_US","og_type":"article","og_title":"Estudio de Diagn\u00f3stico de Crecimiento: Regi\u00f3n Arequipa - Observatorio PRODUCEmpresarial","og_description":"Arequipa es una de las regiones con mayor potencial de crecimiento en el pa\u00eds. De acuerdo con el informe del \u00cdndice de Competitividad Regional 2014 (INCORE), realizado por el Instituto Peruano de Econom\u00eda (IPE), ubica a Arequipa como la tercera regi\u00f3n con mayor nivel de competitividad.","og_url":"https:\/\/www.producempresarial.pe\/en\/estudios-de-diagnostico-de-crecimiento-region-de-arequipa\/","og_site_name":"Observatorio PRODUCEmpresarial","article_published_time":"2023-12-29T13:15:48+00:00","article_modified_time":"2024-01-26T19:59:00+00:00","og_image":[{"width":256,"height":355,"url":"https:\/\/www.producempresarial.pe\/wp-content\/uploads\/2023\/12\/Captura-de-pantalla-2023-12-23-203309.png","type":"image\/png"}],"author":"admin","twitter_card":"summary_large_image","twitter_misc":{"Written por":"admin"},"schema":{"@context":"https:\/\/schema.org","@graph":[{"@type":"Article","@id":"https:\/\/www.producempresarial.pe\/estudios-de-diagnostico-de-crecimiento-region-de-arequipa\/#article","isPartOf":{"@id":"https:\/\/www.producempresarial.pe\/estudios-de-diagnostico-de-crecimiento-region-de-arequipa\/"},"author":{"name":"admin","@id":"https:\/\/www.producempresarial.pe\/#\/schema\/person\/6e13e1f2f8fc108ce3789cbdb23a5d21"},"headline":"Estudio de Diagn\u00f3stico de Crecimiento: Regi\u00f3n Arequipa","datePublished":"2023-12-29T13:15:48+00:00","dateModified":"2024-01-26T19:59:00+00:00","mainEntityOfPage":{"@id":"https:\/\/www.producempresarial.pe\/estudios-de-diagnostico-de-crecimiento-region-de-arequipa\/"},"wordCount":60,"commentCount":0,"publisher":{"@id":"https:\/\/www.producempresarial.pe\/#organization"},"image":{"@id":"https:\/\/www.producempresarial.pe\/estudios-de-diagnostico-de-crecimiento-region-de-arequipa\/#primaryimage"},"thumbnailUrl":"https:\/\/www.producempresarial.pe\/wp-content\/uploads\/2023\/12\/Captura-de-pantalla-2023-12-23-203309.png","articleSection":["Estudios Regionales"],"inLanguage":"en-US","potentialAction":[{"@type":"CommentAction","name":"Comment","target":["https:\/\/www.producempresarial.pe\/estudios-de-diagnostico-de-crecimiento-region-de-arequipa\/#respond"]}]},{"@type":"WebPage","@id":"https:\/\/www.producempresarial.pe\/estudios-de-diagnostico-de-crecimiento-region-de-arequipa\/","url":"https:\/\/www.producempresarial.pe\/estudios-de-diagnostico-de-crecimiento-region-de-arequipa\/","name":"Estudio de Diagn\u00f3stico de Crecimiento: Regi\u00f3n Arequipa - Observatorio PRODUCEmpresarial","isPartOf":{"@id":"https:\/\/www.producempresarial.pe\/#website"},"primaryImageOfPage":{"@id":"https:\/\/www.producempresarial.pe\/estudios-de-diagnostico-de-crecimiento-region-de-arequipa\/#primaryimage"},"image":{"@id":"https:\/\/www.producempresarial.pe\/estudios-de-diagnostico-de-crecimiento-region-de-arequipa\/#primaryimage"},"thumbnailUrl":"https:\/\/www.producempresarial.pe\/wp-content\/uploads\/2023\/12\/Captura-de-pantalla-2023-12-23-203309.png","datePublished":"2023-12-29T13:15:48+00:00","dateModified":"2024-01-26T19:59:00+00:00","breadcrumb":{"@id":"https:\/\/www.producempresarial.pe\/estudios-de-diagnostico-de-crecimiento-region-de-arequipa\/#breadcrumb"},"inLanguage":"en-US","potentialAction":[{"@type":"ReadAction","target":["https:\/\/www.producempresarial.pe\/estudios-de-diagnostico-de-crecimiento-region-de-arequipa\/"]}]},{"@type":"ImageObject","inLanguage":"en-US","@id":"https:\/\/www.producempresarial.pe\/estudios-de-diagnostico-de-crecimiento-region-de-arequipa\/#primaryimage","url":"https:\/\/www.producempresarial.pe\/wp-content\/uploads\/2023\/12\/Captura-de-pantalla-2023-12-23-203309.png","contentUrl":"https:\/\/www.producempresarial.pe\/wp-content\/uploads\/2023\/12\/Captura-de-pantalla-2023-12-23-203309.png","width":256,"height":355},{"@type":"BreadcrumbList","@id":"https:\/\/www.producempresarial.pe\/estudios-de-diagnostico-de-crecimiento-region-de-arequipa\/#breadcrumb","itemListElement":[{"@type":"ListItem","position":1,"name":"Home","item":"https:\/\/www.producempresarial.pe\/"},{"@type":"ListItem","position":2,"name":"Estudio de Diagn\u00f3stico de Crecimiento: Regi\u00f3n Arequipa"}]},{"@type":"WebSite","@id":"https:\/\/www.producempresarial.pe\/#website","url":"https:\/\/www.producempresarial.pe\/","name":"PRODUCEmpresarial Observatory","description":"Herramienta estrat\u00e9gica que integra y genera peri\u00f3dicamente evidencia y an\u00e1lisis sobre el desempe\u00f1o productivo del sector empresarial, as\u00ed como contribuye en la difusi\u00f3n de informaci\u00f3n y documentos t\u00e9cnicos anal\u00edticos y especializados sobre el desempe\u00f1o de las empresas en el Per\u00fa.","publisher":{"@id":"https:\/\/www.producempresarial.pe\/#organization"},"potentialAction":[{"@type":"SearchAction","target":{"@type":"EntryPoint","urlTemplate":"https:\/\/www.producempresarial.pe\/?s={search_term_string}"},"query-input":{"@type":"PropertyValueSpecification","valueRequired":true,"valueName":"search_term_string"}}],"inLanguage":"en-US"},{"@type":"Organization","@id":"https:\/\/www.producempresarial.pe\/#organization","name":"PRDOUCE","url":"https:\/\/www.producempresarial.pe\/","logo":{"@type":"ImageObject","inLanguage":"en-US","@id":"https:\/\/www.producempresarial.pe\/#\/schema\/logo\/image\/","url":"https:\/\/www.producempresarial.pe\/wp-content\/uploads\/2024\/02\/image-logo-share.png","contentUrl":"https:\/\/www.producempresarial.pe\/wp-content\/uploads\/2024\/02\/image-logo-share.png","width":1200,"height":628,"caption":"PRDOUCE"},"image":{"@id":"https:\/\/www.producempresarial.pe\/#\/schema\/logo\/image\/"}},{"@type":"Person","@id":"https:\/\/www.producempresarial.pe\/#\/schema\/person\/6e13e1f2f8fc108ce3789cbdb23a5d21","name":"admin","sameAs":["https:\/\/www.producempresarial.pe"],"url":"https:\/\/www.producempresarial.pe\/en\/author\/admin\/"}]}},"_links":{"self":[{"href":"https:\/\/www.producempresarial.pe\/en\/wp-json\/wp\/v2\/posts\/1695","targetHints":{"allow":["GET"]}}],"collection":[{"href":"https:\/\/www.producempresarial.pe\/en\/wp-json\/wp\/v2\/posts"}],"about":[{"href":"https:\/\/www.producempresarial.pe\/en\/wp-json\/wp\/v2\/types\/post"}],"author":[{"embeddable":true,"href":"https:\/\/www.producempresarial.pe\/en\/wp-json\/wp\/v2\/users\/1"}],"replies":[{"embeddable":true,"href":"https:\/\/www.producempresarial.pe\/en\/wp-json\/wp\/v2\/comments?post=1695"}],"version-history":[{"count":7,"href":"https:\/\/www.producempresarial.pe\/en\/wp-json\/wp\/v2\/posts\/1695\/revisions"}],"predecessor-version":[{"id":3820,"href":"https:\/\/www.producempresarial.pe\/en\/wp-json\/wp\/v2\/posts\/1695\/revisions\/3820"}],"wp:featuredmedia":[{"embeddable":true,"href":"https:\/\/www.producempresarial.pe\/en\/wp-json\/wp\/v2\/media\/842"}],"wp:attachment":[{"href":"https:\/\/www.producempresarial.pe\/en\/wp-json\/wp\/v2\/media?parent=1695"}],"wp:term":[{"taxonomy":"category","embeddable":true,"href":"https:\/\/www.producempresarial.pe\/en\/wp-json\/wp\/v2\/categories?post=1695"},{"taxonomy":"post_tag","embeddable":true,"href":"https:\/\/www.producempresarial.pe\/en\/wp-json\/wp\/v2\/tags?post=1695"}],"curies":[{"name":"wp","href":"https:\/\/api.w.org\/{rel}","templated":true}]}}