{"id":17,"date":"2023-12-19T12:21:18","date_gmt":"2023-12-19T12:21:18","guid":{"rendered":"https:\/\/www.producempresarial.pe\/?p=17"},"modified":"2024-01-08T18:32:35","modified_gmt":"2024-01-08T23:32:35","slug":"produce-convoca-a-micro-y-pequenas-empresas-a-participar-en-mesas-de-trabajo-para-impulsar-la-reactivacion-economica","status":"publish","type":"post","link":"https:\/\/www.producempresarial.pe\/en\/produce-convoca-a-micro-y-pequenas-empresas-a-participar-en-mesas-de-trabajo-para-impulsar-la-reactivacion-economica\/","title":{"rendered":"Produce convoca a micro y peque\u00f1as empresas a participar en mesas de trabajo para impulsar la reactivaci\u00f3n econ\u00f3mica"},"content":{"rendered":"<p>El Ministerio de la Producci\u00f3n (Produce) inici\u00f3 la convocatoria a las micro y peque\u00f1as empresas (MYPE) y l\u00edderes gremiales de todo el pa\u00eds que deseen aportar con sus propuestas a la b\u00fasqueda de soluciones t\u00e9cnicas que permitan la revitalizaci\u00f3n de la econom\u00eda.<\/p>\n\n\n\n<p>A trav\u00e9s de &#8220;Reactivando a las MYPE&#8221;, del 25 al 27 de octubre, Produce reunir\u00e1 en mesas t\u00e9cnicas a equipos del Ministerio de la Producci\u00f3n y representantes de otros sectores con l\u00edderes gremiales MYPE.<\/p>\n\n\n\n<p>Produce prev\u00e9 la participaci\u00f3n activa en las mesas de trabajo, donde se abordar\u00e1n tem\u00e1ticas relevantes y recibir\u00e1n aportes y propuestas a fin de ser evaluados, implementados y canalizados en favor de la consolidaci\u00f3n de estos actores econ\u00f3micos.<\/p>\n\n\n\n<p>Es importante mencionar que previo a las mesas t\u00e9cnicas se realizar\u00e1 un evento inaugural que se llevar\u00e1 a cabo el 23 de octubre de 2023 a las 4:00 p. m, en la sede principal del Ministerio de la Producci\u00f3n, ubicada en San Isidro, Lima.<\/p>\n\n\n\n<p><\/p>","protected":false},"excerpt":{"rendered":"<p>El Ministerio de la Producci\u00f3n (Produce) inici\u00f3 la convocatoria a las micro y peque\u00f1as empresas (MYPE) y l\u00edderes gremiales de todo el pa\u00eds que deseen aportar con sus propuestas a la b\u00fasqueda de soluciones t\u00e9cnicas que permitan la revitalizaci\u00f3n de la econom\u00eda. A trav\u00e9s de &#8220;Reactivando a las MYPE&#8221;, del 25 al 27 de octubre, &#8230; <a title=\"Produce convoca a micro y peque\u00f1as empresas a participar en mesas de trabajo para impulsar la reactivaci\u00f3n econ\u00f3mica\" class=\"read-more\" href=\"https:\/\/www.producempresarial.pe\/en\/produce-convoca-a-micro-y-pequenas-empresas-a-participar-en-mesas-de-trabajo-para-impulsar-la-reactivacion-economica\/\" aria-label=\"Read more about Produce convoca a micro y peque\u00f1as empresas a participar en mesas de trabajo para impulsar la reactivaci\u00f3n econ\u00f3mica\">Read more<\/a><\/p>","protected":false},"author":1,"featured_media":18,"comment_status":"open","ping_status":"open","sticky":false,"template":"","format":"standard","meta":{"_acf_changed":false,"footnotes":""},"categories":[2],"tags":[],"class_list":["post-17","post","type-post","status-publish","format-standard","has-post-thumbnail","hentry","category-eventos"],"acf":[],"yoast_head":"<!-- This site is optimized with the Yoast SEO plugin v27.1.1 - https:\/\/yoast.com\/product\/yoast-seo-wordpress\/ -->\n<title>Produce convoca a micro y peque\u00f1as empresas a participar en mesas de trabajo para impulsar la reactivaci\u00f3n econ\u00f3mica - Observatorio PRODUCEmpresarial<\/title>\n<meta name=\"robots\" content=\"index, follow, max-snippet:-1, max-image-preview:large, max-video-preview:-1\" \/>\n<link rel=\"canonical\" href=\"https:\/\/www.producempresarial.pe\/en\/produce-convoca-a-micro-y-pequenas-empresas-a-participar-en-mesas-de-trabajo-para-impulsar-la-reactivacion-economica\/\" \/>\n<meta property=\"og:locale\" content=\"en_US\" \/>\n<meta property=\"og:type\" content=\"article\" \/>\n<meta property=\"og:title\" content=\"Produce convoca a micro y peque\u00f1as empresas a participar en mesas de trabajo para impulsar la reactivaci\u00f3n econ\u00f3mica - Observatorio PRODUCEmpresarial\" \/>\n<meta property=\"og:description\" content=\"El Ministerio de la Producci\u00f3n (Produce) inici\u00f3 la convocatoria a las micro y peque\u00f1as empresas (MYPE) y l\u00edderes gremiales de todo el pa\u00eds que deseen aportar con sus propuestas a la b\u00fasqueda de soluciones t\u00e9cnicas que permitan la revitalizaci\u00f3n de la econom\u00eda. A trav\u00e9s de &#8220;Reactivando a las MYPE&#8221;, del 25 al 27 de octubre, ... Read more\" \/>\n<meta property=\"og:url\" content=\"https:\/\/www.producempresarial.pe\/en\/produce-convoca-a-micro-y-pequenas-empresas-a-participar-en-mesas-de-trabajo-para-impulsar-la-reactivacion-economica\/\" \/>\n<meta property=\"og:site_name\" content=\"Observatorio PRODUCEmpresarial\" \/>\n<meta property=\"article:published_time\" content=\"2023-12-19T12:21:18+00:00\" \/>\n<meta property=\"article:modified_time\" content=\"2024-01-08T23:32:35+00:00\" \/>\n<meta property=\"og:image\" content=\"https:\/\/www.producempresarial.pe\/wp-content\/uploads\/2023\/12\/4.jpeg\" \/>\n\t<meta property=\"og:image:width\" content=\"645\" \/>\n\t<meta property=\"og:image:height\" content=\"363\" \/>\n\t<meta property=\"og:image:type\" content=\"image\/jpeg\" \/>\n<meta name=\"author\" content=\"admin\" \/>\n<meta name=\"twitter:card\" content=\"summary_large_image\" \/>\n<meta name=\"twitter:label1\" content=\"Written por\" \/>\n\t<meta name=\"twitter:data1\" content=\"admin\" \/>\n\t<meta name=\"twitter:label2\" content=\"Est. reading time\" \/>\n\t<meta name=\"twitter:data2\" content=\"1 minute\" \/>\n<script type=\"application\/ld+json\" class=\"yoast-schema-graph\">{\"@context\":\"https:\/\/schema.org\",\"@graph\":[{\"@type\":\"Article\",\"@id\":\"https:\/\/www.producempresarial.pe\/produce-convoca-a-micro-y-pequenas-empresas-a-participar-en-mesas-de-trabajo-para-impulsar-la-reactivacion-economica\/#article\",\"isPartOf\":{\"@id\":\"https:\/\/www.producempresarial.pe\/produce-convoca-a-micro-y-pequenas-empresas-a-participar-en-mesas-de-trabajo-para-impulsar-la-reactivacion-economica\/\"},\"author\":{\"name\":\"admin\",\"@id\":\"https:\/\/www.producempresarial.pe\/#\/schema\/person\/6e13e1f2f8fc108ce3789cbdb23a5d21\"},\"headline\":\"Produce convoca a micro y peque\u00f1as empresas a participar en mesas de trabajo para impulsar la reactivaci\u00f3n econ\u00f3mica\",\"datePublished\":\"2023-12-19T12:21:18+00:00\",\"dateModified\":\"2024-01-08T23:32:35+00:00\",\"mainEntityOfPage\":{\"@id\":\"https:\/\/www.producempresarial.pe\/produce-convoca-a-micro-y-pequenas-empresas-a-participar-en-mesas-de-trabajo-para-impulsar-la-reactivacion-economica\/\"},\"wordCount\":193,\"commentCount\":0,\"publisher\":{\"@id\":\"https:\/\/www.producempresarial.pe\/#organization\"},\"image\":{\"@id\":\"https:\/\/www.producempresarial.pe\/produce-convoca-a-micro-y-pequenas-empresas-a-participar-en-mesas-de-trabajo-para-impulsar-la-reactivacion-economica\/#primaryimage\"},\"thumbnailUrl\":\"https:\/\/www.producempresarial.pe\/wp-content\/uploads\/2023\/12\/4.jpeg\",\"articleSection\":[\"Eventos\"],\"inLanguage\":\"en-US\",\"potentialAction\":[{\"@type\":\"CommentAction\",\"name\":\"Comment\",\"target\":[\"https:\/\/www.producempresarial.pe\/produce-convoca-a-micro-y-pequenas-empresas-a-participar-en-mesas-de-trabajo-para-impulsar-la-reactivacion-economica\/#respond\"]}]},{\"@type\":\"WebPage\",\"@id\":\"https:\/\/www.producempresarial.pe\/produce-convoca-a-micro-y-pequenas-empresas-a-participar-en-mesas-de-trabajo-para-impulsar-la-reactivacion-economica\/\",\"url\":\"https:\/\/www.producempresarial.pe\/produce-convoca-a-micro-y-pequenas-empresas-a-participar-en-mesas-de-trabajo-para-impulsar-la-reactivacion-economica\/\",\"name\":\"Produce convoca a micro y peque\u00f1as empresas a participar en mesas de trabajo para impulsar la reactivaci\u00f3n econ\u00f3mica - Observatorio PRODUCEmpresarial\",\"isPartOf\":{\"@id\":\"https:\/\/www.producempresarial.pe\/#website\"},\"primaryImageOfPage\":{\"@id\":\"https:\/\/www.producempresarial.pe\/produce-convoca-a-micro-y-pequenas-empresas-a-participar-en-mesas-de-trabajo-para-impulsar-la-reactivacion-economica\/#primaryimage\"},\"image\":{\"@id\":\"https:\/\/www.producempresarial.pe\/produce-convoca-a-micro-y-pequenas-empresas-a-participar-en-mesas-de-trabajo-para-impulsar-la-reactivacion-economica\/#primaryimage\"},\"thumbnailUrl\":\"https:\/\/www.producempresarial.pe\/wp-content\/uploads\/2023\/12\/4.jpeg\",\"datePublished\":\"2023-12-19T12:21:18+00:00\",\"dateModified\":\"2024-01-08T23:32:35+00:00\",\"breadcrumb\":{\"@id\":\"https:\/\/www.producempresarial.pe\/produce-convoca-a-micro-y-pequenas-empresas-a-participar-en-mesas-de-trabajo-para-impulsar-la-reactivacion-economica\/#breadcrumb\"},\"inLanguage\":\"en-US\",\"potentialAction\":[{\"@type\":\"ReadAction\",\"target\":[\"https:\/\/www.producempresarial.pe\/produce-convoca-a-micro-y-pequenas-empresas-a-participar-en-mesas-de-trabajo-para-impulsar-la-reactivacion-economica\/\"]}]},{\"@type\":\"ImageObject\",\"inLanguage\":\"en-US\",\"@id\":\"https:\/\/www.producempresarial.pe\/produce-convoca-a-micro-y-pequenas-empresas-a-participar-en-mesas-de-trabajo-para-impulsar-la-reactivacion-economica\/#primaryimage\",\"url\":\"https:\/\/www.producempresarial.pe\/wp-content\/uploads\/2023\/12\/4.jpeg\",\"contentUrl\":\"https:\/\/www.producempresarial.pe\/wp-content\/uploads\/2023\/12\/4.jpeg\",\"width\":645,\"height\":363},{\"@type\":\"BreadcrumbList\",\"@id\":\"https:\/\/www.producempresarial.pe\/produce-convoca-a-micro-y-pequenas-empresas-a-participar-en-mesas-de-trabajo-para-impulsar-la-reactivacion-economica\/#breadcrumb\",\"itemListElement\":[{\"@type\":\"ListItem\",\"position\":1,\"name\":\"Home\",\"item\":\"https:\/\/www.producempresarial.pe\/\"},{\"@type\":\"ListItem\",\"position\":2,\"name\":\"Produce convoca a micro y peque\u00f1as empresas a participar en mesas de trabajo para impulsar la reactivaci\u00f3n econ\u00f3mica\"}]},{\"@type\":\"WebSite\",\"@id\":\"https:\/\/www.producempresarial.pe\/#website\",\"url\":\"https:\/\/www.producempresarial.pe\/\",\"name\":\"Observatorio PRODUCEmpresarial\",\"description\":\"Herramienta estrat\u00e9gica que integra y genera peri\u00f3dicamente evidencia y an\u00e1lisis sobre el desempe\u00f1o productivo del sector empresarial, as\u00ed como contribuye en la difusi\u00f3n de informaci\u00f3n y documentos t\u00e9cnicos anal\u00edticos y especializados sobre el desempe\u00f1o de las empresas en el Per\u00fa.\",\"publisher\":{\"@id\":\"https:\/\/www.producempresarial.pe\/#organization\"},\"potentialAction\":[{\"@type\":\"SearchAction\",\"target\":{\"@type\":\"EntryPoint\",\"urlTemplate\":\"https:\/\/www.producempresarial.pe\/?s={search_term_string}\"},\"query-input\":{\"@type\":\"PropertyValueSpecification\",\"valueRequired\":true,\"valueName\":\"search_term_string\"}}],\"inLanguage\":\"en-US\"},{\"@type\":\"Organization\",\"@id\":\"https:\/\/www.producempresarial.pe\/#organization\",\"name\":\"PRDOUCE\",\"url\":\"https:\/\/www.producempresarial.pe\/\",\"logo\":{\"@type\":\"ImageObject\",\"inLanguage\":\"en-US\",\"@id\":\"https:\/\/www.producempresarial.pe\/#\/schema\/logo\/image\/\",\"url\":\"https:\/\/www.producempresarial.pe\/wp-content\/uploads\/2024\/02\/image-logo-share.png\",\"contentUrl\":\"https:\/\/www.producempresarial.pe\/wp-content\/uploads\/2024\/02\/image-logo-share.png\",\"width\":1200,\"height\":628,\"caption\":\"PRDOUCE\"},\"image\":{\"@id\":\"https:\/\/www.producempresarial.pe\/#\/schema\/logo\/image\/\"}},{\"@type\":\"Person\",\"@id\":\"https:\/\/www.producempresarial.pe\/#\/schema\/person\/6e13e1f2f8fc108ce3789cbdb23a5d21\",\"name\":\"admin\",\"sameAs\":[\"https:\/\/www.producempresarial.pe\"],\"url\":\"https:\/\/www.producempresarial.pe\/en\/author\/admin\/\"}]}<\/script>\n<!-- \/ Yoast SEO plugin. -->","yoast_head_json":{"title":"Produce convoca a micro y peque\u00f1as empresas a participar en mesas de trabajo para impulsar la reactivaci\u00f3n econ\u00f3mica - Observatorio PRODUCEmpresarial","robots":{"index":"index","follow":"follow","max-snippet":"max-snippet:-1","max-image-preview":"max-image-preview:large","max-video-preview":"max-video-preview:-1"},"canonical":"https:\/\/www.producempresarial.pe\/en\/produce-convoca-a-micro-y-pequenas-empresas-a-participar-en-mesas-de-trabajo-para-impulsar-la-reactivacion-economica\/","og_locale":"en_US","og_type":"article","og_title":"Produce convoca a micro y peque\u00f1as empresas a participar en mesas de trabajo para impulsar la reactivaci\u00f3n econ\u00f3mica - Observatorio PRODUCEmpresarial","og_description":"El Ministerio de la Producci\u00f3n (Produce) inici\u00f3 la convocatoria a las micro y peque\u00f1as empresas (MYPE) y l\u00edderes gremiales de todo el pa\u00eds que deseen aportar con sus propuestas a la b\u00fasqueda de soluciones t\u00e9cnicas que permitan la revitalizaci\u00f3n de la econom\u00eda. A trav\u00e9s de &#8220;Reactivando a las MYPE&#8221;, del 25 al 27 de octubre, ... Read more","og_url":"https:\/\/www.producempresarial.pe\/en\/produce-convoca-a-micro-y-pequenas-empresas-a-participar-en-mesas-de-trabajo-para-impulsar-la-reactivacion-economica\/","og_site_name":"Observatorio PRODUCEmpresarial","article_published_time":"2023-12-19T12:21:18+00:00","article_modified_time":"2024-01-08T23:32:35+00:00","og_image":[{"width":645,"height":363,"url":"https:\/\/www.producempresarial.pe\/wp-content\/uploads\/2023\/12\/4.jpeg","type":"image\/jpeg"}],"author":"admin","twitter_card":"summary_large_image","twitter_misc":{"Written por":"admin","Est. reading time":"1 minute"},"schema":{"@context":"https:\/\/schema.org","@graph":[{"@type":"Article","@id":"https:\/\/www.producempresarial.pe\/produce-convoca-a-micro-y-pequenas-empresas-a-participar-en-mesas-de-trabajo-para-impulsar-la-reactivacion-economica\/#article","isPartOf":{"@id":"https:\/\/www.producempresarial.pe\/produce-convoca-a-micro-y-pequenas-empresas-a-participar-en-mesas-de-trabajo-para-impulsar-la-reactivacion-economica\/"},"author":{"name":"admin","@id":"https:\/\/www.producempresarial.pe\/#\/schema\/person\/6e13e1f2f8fc108ce3789cbdb23a5d21"},"headline":"Produce convoca a micro y peque\u00f1as empresas a participar en mesas de trabajo para impulsar la reactivaci\u00f3n econ\u00f3mica","datePublished":"2023-12-19T12:21:18+00:00","dateModified":"2024-01-08T23:32:35+00:00","mainEntityOfPage":{"@id":"https:\/\/www.producempresarial.pe\/produce-convoca-a-micro-y-pequenas-empresas-a-participar-en-mesas-de-trabajo-para-impulsar-la-reactivacion-economica\/"},"wordCount":193,"commentCount":0,"publisher":{"@id":"https:\/\/www.producempresarial.pe\/#organization"},"image":{"@id":"https:\/\/www.producempresarial.pe\/produce-convoca-a-micro-y-pequenas-empresas-a-participar-en-mesas-de-trabajo-para-impulsar-la-reactivacion-economica\/#primaryimage"},"thumbnailUrl":"https:\/\/www.producempresarial.pe\/wp-content\/uploads\/2023\/12\/4.jpeg","articleSection":["Eventos"],"inLanguage":"en-US","potentialAction":[{"@type":"CommentAction","name":"Comment","target":["https:\/\/www.producempresarial.pe\/produce-convoca-a-micro-y-pequenas-empresas-a-participar-en-mesas-de-trabajo-para-impulsar-la-reactivacion-economica\/#respond"]}]},{"@type":"WebPage","@id":"https:\/\/www.producempresarial.pe\/produce-convoca-a-micro-y-pequenas-empresas-a-participar-en-mesas-de-trabajo-para-impulsar-la-reactivacion-economica\/","url":"https:\/\/www.producempresarial.pe\/produce-convoca-a-micro-y-pequenas-empresas-a-participar-en-mesas-de-trabajo-para-impulsar-la-reactivacion-economica\/","name":"Produce convoca a micro y peque\u00f1as empresas a participar en mesas de trabajo para impulsar la reactivaci\u00f3n econ\u00f3mica - Observatorio PRODUCEmpresarial","isPartOf":{"@id":"https:\/\/www.producempresarial.pe\/#website"},"primaryImageOfPage":{"@id":"https:\/\/www.producempresarial.pe\/produce-convoca-a-micro-y-pequenas-empresas-a-participar-en-mesas-de-trabajo-para-impulsar-la-reactivacion-economica\/#primaryimage"},"image":{"@id":"https:\/\/www.producempresarial.pe\/produce-convoca-a-micro-y-pequenas-empresas-a-participar-en-mesas-de-trabajo-para-impulsar-la-reactivacion-economica\/#primaryimage"},"thumbnailUrl":"https:\/\/www.producempresarial.pe\/wp-content\/uploads\/2023\/12\/4.jpeg","datePublished":"2023-12-19T12:21:18+00:00","dateModified":"2024-01-08T23:32:35+00:00","breadcrumb":{"@id":"https:\/\/www.producempresarial.pe\/produce-convoca-a-micro-y-pequenas-empresas-a-participar-en-mesas-de-trabajo-para-impulsar-la-reactivacion-economica\/#breadcrumb"},"inLanguage":"en-US","potentialAction":[{"@type":"ReadAction","target":["https:\/\/www.producempresarial.pe\/produce-convoca-a-micro-y-pequenas-empresas-a-participar-en-mesas-de-trabajo-para-impulsar-la-reactivacion-economica\/"]}]},{"@type":"ImageObject","inLanguage":"en-US","@id":"https:\/\/www.producempresarial.pe\/produce-convoca-a-micro-y-pequenas-empresas-a-participar-en-mesas-de-trabajo-para-impulsar-la-reactivacion-economica\/#primaryimage","url":"https:\/\/www.producempresarial.pe\/wp-content\/uploads\/2023\/12\/4.jpeg","contentUrl":"https:\/\/www.producempresarial.pe\/wp-content\/uploads\/2023\/12\/4.jpeg","width":645,"height":363},{"@type":"BreadcrumbList","@id":"https:\/\/www.producempresarial.pe\/produce-convoca-a-micro-y-pequenas-empresas-a-participar-en-mesas-de-trabajo-para-impulsar-la-reactivacion-economica\/#breadcrumb","itemListElement":[{"@type":"ListItem","position":1,"name":"Home","item":"https:\/\/www.producempresarial.pe\/"},{"@type":"ListItem","position":2,"name":"Produce convoca a micro y peque\u00f1as empresas a participar en mesas de trabajo para impulsar la reactivaci\u00f3n econ\u00f3mica"}]},{"@type":"WebSite","@id":"https:\/\/www.producempresarial.pe\/#website","url":"https:\/\/www.producempresarial.pe\/","name":"PRODUCEmpresarial Observatory","description":"Herramienta estrat\u00e9gica que integra y genera peri\u00f3dicamente evidencia y an\u00e1lisis sobre el desempe\u00f1o productivo del sector empresarial, as\u00ed como contribuye en la difusi\u00f3n de informaci\u00f3n y documentos t\u00e9cnicos anal\u00edticos y especializados sobre el desempe\u00f1o de las empresas en el Per\u00fa.","publisher":{"@id":"https:\/\/www.producempresarial.pe\/#organization"},"potentialAction":[{"@type":"SearchAction","target":{"@type":"EntryPoint","urlTemplate":"https:\/\/www.producempresarial.pe\/?s={search_term_string}"},"query-input":{"@type":"PropertyValueSpecification","valueRequired":true,"valueName":"search_term_string"}}],"inLanguage":"en-US"},{"@type":"Organization","@id":"https:\/\/www.producempresarial.pe\/#organization","name":"PRDOUCE","url":"https:\/\/www.producempresarial.pe\/","logo":{"@type":"ImageObject","inLanguage":"en-US","@id":"https:\/\/www.producempresarial.pe\/#\/schema\/logo\/image\/","url":"https:\/\/www.producempresarial.pe\/wp-content\/uploads\/2024\/02\/image-logo-share.png","contentUrl":"https:\/\/www.producempresarial.pe\/wp-content\/uploads\/2024\/02\/image-logo-share.png","width":1200,"height":628,"caption":"PRDOUCE"},"image":{"@id":"https:\/\/www.producempresarial.pe\/#\/schema\/logo\/image\/"}},{"@type":"Person","@id":"https:\/\/www.producempresarial.pe\/#\/schema\/person\/6e13e1f2f8fc108ce3789cbdb23a5d21","name":"admin","sameAs":["https:\/\/www.producempresarial.pe"],"url":"https:\/\/www.producempresarial.pe\/en\/author\/admin\/"}]}},"_links":{"self":[{"href":"https:\/\/www.producempresarial.pe\/en\/wp-json\/wp\/v2\/posts\/17","targetHints":{"allow":["GET"]}}],"collection":[{"href":"https:\/\/www.producempresarial.pe\/en\/wp-json\/wp\/v2\/posts"}],"about":[{"href":"https:\/\/www.producempresarial.pe\/en\/wp-json\/wp\/v2\/types\/post"}],"author":[{"embeddable":true,"href":"https:\/\/www.producempresarial.pe\/en\/wp-json\/wp\/v2\/users\/1"}],"replies":[{"embeddable":true,"href":"https:\/\/www.producempresarial.pe\/en\/wp-json\/wp\/v2\/comments?post=17"}],"version-history":[{"count":2,"href":"https:\/\/www.producempresarial.pe\/en\/wp-json\/wp\/v2\/posts\/17\/revisions"}],"predecessor-version":[{"id":3035,"href":"https:\/\/www.producempresarial.pe\/en\/wp-json\/wp\/v2\/posts\/17\/revisions\/3035"}],"wp:featuredmedia":[{"embeddable":true,"href":"https:\/\/www.producempresarial.pe\/en\/wp-json\/wp\/v2\/media\/18"}],"wp:attachment":[{"href":"https:\/\/www.producempresarial.pe\/en\/wp-json\/wp\/v2\/media?parent=17"}],"wp:term":[{"taxonomy":"category","embeddable":true,"href":"https:\/\/www.producempresarial.pe\/en\/wp-json\/wp\/v2\/categories?post=17"},{"taxonomy":"post_tag","embeddable":true,"href":"https:\/\/www.producempresarial.pe\/en\/wp-json\/wp\/v2\/tags?post=17"}],"curies":[{"name":"wp","href":"https:\/\/api.w.org\/{rel}","templated":true}]}}