{"id":1792,"date":"2023-12-29T14:20:37","date_gmt":"2023-12-29T14:20:37","guid":{"rendered":"https:\/\/www.producempresarial.pe\/?p=1792"},"modified":"2024-01-18T17:11:23","modified_gmt":"2024-01-18T22:11:23","slug":"desempeno-exportador-del-sector-manufacturero-por-intensidad-tecnologica","status":"publish","type":"post","link":"https:\/\/www.producempresarial.pe\/en\/desempeno-exportador-del-sector-manufacturero-por-intensidad-tecnologica\/","title":{"rendered":"Desempe\u00f1o Exportador del Sector Manufactura por Intensidad Tecnol\u00f3gica"},"content":{"rendered":"<p>El presente estudio analiza como primer punto de discusi\u00f3n, el desempe\u00f1o y orientaci\u00f3n de los principales pa\u00edses industrializados como EE.UU., Alemania, Jap\u00f3n, Reino Unido, Rusia, China y Brasil en relaci\u00f3n a la modernizaci\u00f3n tecnol\u00f3gica. En la \u00faltima d\u00e9cada, estas econom\u00edas evidencian un ligero incremento en las exportaciones de productos basados en recursos naturales, siendo favorecidas por los altos precios de los productos minerales. Sin embargo, la diversidad de sus productos se concentra en la categor\u00eda de productos manufactureros de tecnolog\u00eda media debido a que son intensivos en la exportaci\u00f3n de autom\u00f3viles y veh\u00edculos automotores, partes y piezas de veh\u00edculos autom\u00f3viles, pol\u00edmeros de etileno y otros similares, lo cual a\u00fan se mantiene respecto a sus exportaciones manufactureras.<\/p>","protected":false},"excerpt":{"rendered":"<p>El presente estudio analiza como primer punto de discusi\u00f3n, el desempe\u00f1o y orientaci\u00f3n de los principales pa\u00edses industrializados como EE.UU., Alemania, Jap\u00f3n, Reino Unido, Rusia, China y Brasil en relaci\u00f3n a la modernizaci\u00f3n tecnol\u00f3gica. En la \u00faltima d\u00e9cada, estas econom\u00edas evidencian un ligero incremento en las exportaciones de productos basados en recursos naturales, siendo favorecidas &#8230; <a title=\"Desempe\u00f1o Exportador del Sector Manufactura por Intensidad Tecnol\u00f3gica\" class=\"read-more\" href=\"https:\/\/www.producempresarial.pe\/en\/desempeno-exportador-del-sector-manufacturero-por-intensidad-tecnologica\/\" aria-label=\"Read more about Desempe\u00f1o Exportador del Sector Manufactura por Intensidad Tecnol\u00f3gica\">Read more<\/a><\/p>","protected":false},"author":1,"featured_media":1795,"comment_status":"open","ping_status":"open","sticky":false,"template":"","format":"standard","meta":{"_acf_changed":false,"footnotes":""},"categories":[96],"tags":[],"class_list":["post-1792","post","type-post","status-publish","format-standard","has-post-thumbnail","hentry","category-comercio"],"acf":[],"yoast_head":"<!-- This site is optimized with the Yoast SEO plugin v27.1.1 - https:\/\/yoast.com\/product\/yoast-seo-wordpress\/ -->\n<title>Desempe\u00f1o Exportador del Sector Manufactura por Intensidad Tecnol\u00f3gica - Observatorio PRODUCEmpresarial<\/title>\n<meta name=\"robots\" content=\"index, follow, max-snippet:-1, max-image-preview:large, max-video-preview:-1\" \/>\n<link rel=\"canonical\" href=\"https:\/\/www.producempresarial.pe\/en\/desempeno-exportador-del-sector-manufacturero-por-intensidad-tecnologica\/\" \/>\n<meta property=\"og:locale\" content=\"en_US\" \/>\n<meta property=\"og:type\" content=\"article\" \/>\n<meta property=\"og:title\" content=\"Desempe\u00f1o Exportador del Sector Manufactura por Intensidad Tecnol\u00f3gica - Observatorio PRODUCEmpresarial\" \/>\n<meta property=\"og:description\" content=\"El presente estudio analiza como primer punto de discusi\u00f3n, el desempe\u00f1o y orientaci\u00f3n de los principales pa\u00edses industrializados como EE.UU., Alemania, Jap\u00f3n, Reino Unido, Rusia, China y Brasil en relaci\u00f3n a la modernizaci\u00f3n tecnol\u00f3gica. En la \u00faltima d\u00e9cada, estas econom\u00edas evidencian un ligero incremento en las exportaciones de productos basados en recursos naturales, siendo favorecidas ... Read more\" \/>\n<meta property=\"og:url\" content=\"https:\/\/www.producempresarial.pe\/en\/desempeno-exportador-del-sector-manufacturero-por-intensidad-tecnologica\/\" \/>\n<meta property=\"og:site_name\" content=\"Observatorio PRODUCEmpresarial\" \/>\n<meta property=\"article:published_time\" content=\"2023-12-29T14:20:37+00:00\" \/>\n<meta property=\"article:modified_time\" content=\"2024-01-18T22:11:23+00:00\" \/>\n<meta property=\"og:image\" content=\"https:\/\/www.producempresarial.pe\/wp-content\/uploads\/2023\/12\/Desempen\u0303o.png\" \/>\n\t<meta property=\"og:image:width\" content=\"590\" \/>\n\t<meta property=\"og:image:height\" content=\"784\" \/>\n\t<meta property=\"og:image:type\" content=\"image\/png\" \/>\n<meta name=\"author\" content=\"admin\" \/>\n<meta name=\"twitter:card\" content=\"summary_large_image\" \/>\n<meta name=\"twitter:label1\" content=\"Written por\" \/>\n\t<meta name=\"twitter:data1\" content=\"admin\" \/>\n\t<meta name=\"twitter:label2\" content=\"Est. reading time\" \/>\n\t<meta name=\"twitter:data2\" content=\"1 minute\" \/>\n<script type=\"application\/ld+json\" class=\"yoast-schema-graph\">{\"@context\":\"https:\/\/schema.org\",\"@graph\":[{\"@type\":\"Article\",\"@id\":\"https:\/\/www.producempresarial.pe\/desempeno-exportador-del-sector-manufacturero-por-intensidad-tecnologica\/#article\",\"isPartOf\":{\"@id\":\"https:\/\/www.producempresarial.pe\/desempeno-exportador-del-sector-manufacturero-por-intensidad-tecnologica\/\"},\"author\":{\"name\":\"admin\",\"@id\":\"https:\/\/www.producempresarial.pe\/#\/schema\/person\/6e13e1f2f8fc108ce3789cbdb23a5d21\"},\"headline\":\"Desempe\u00f1o Exportador del Sector Manufactura por Intensidad Tecnol\u00f3gica\",\"datePublished\":\"2023-12-29T14:20:37+00:00\",\"dateModified\":\"2024-01-18T22:11:23+00:00\",\"mainEntityOfPage\":{\"@id\":\"https:\/\/www.producempresarial.pe\/desempeno-exportador-del-sector-manufacturero-por-intensidad-tecnologica\/\"},\"wordCount\":146,\"commentCount\":0,\"publisher\":{\"@id\":\"https:\/\/www.producempresarial.pe\/#organization\"},\"image\":{\"@id\":\"https:\/\/www.producempresarial.pe\/desempeno-exportador-del-sector-manufacturero-por-intensidad-tecnologica\/#primaryimage\"},\"thumbnailUrl\":\"https:\/\/www.producempresarial.pe\/wp-content\/uploads\/2023\/12\/Desempen\u0303o.png\",\"articleSection\":[\"Comercio\"],\"inLanguage\":\"en-US\",\"potentialAction\":[{\"@type\":\"CommentAction\",\"name\":\"Comment\",\"target\":[\"https:\/\/www.producempresarial.pe\/desempeno-exportador-del-sector-manufacturero-por-intensidad-tecnologica\/#respond\"]}]},{\"@type\":\"WebPage\",\"@id\":\"https:\/\/www.producempresarial.pe\/desempeno-exportador-del-sector-manufacturero-por-intensidad-tecnologica\/\",\"url\":\"https:\/\/www.producempresarial.pe\/desempeno-exportador-del-sector-manufacturero-por-intensidad-tecnologica\/\",\"name\":\"Desempe\u00f1o Exportador del Sector Manufactura por Intensidad Tecnol\u00f3gica - Observatorio PRODUCEmpresarial\",\"isPartOf\":{\"@id\":\"https:\/\/www.producempresarial.pe\/#website\"},\"primaryImageOfPage\":{\"@id\":\"https:\/\/www.producempresarial.pe\/desempeno-exportador-del-sector-manufacturero-por-intensidad-tecnologica\/#primaryimage\"},\"image\":{\"@id\":\"https:\/\/www.producempresarial.pe\/desempeno-exportador-del-sector-manufacturero-por-intensidad-tecnologica\/#primaryimage\"},\"thumbnailUrl\":\"https:\/\/www.producempresarial.pe\/wp-content\/uploads\/2023\/12\/Desempen\u0303o.png\",\"datePublished\":\"2023-12-29T14:20:37+00:00\",\"dateModified\":\"2024-01-18T22:11:23+00:00\",\"breadcrumb\":{\"@id\":\"https:\/\/www.producempresarial.pe\/desempeno-exportador-del-sector-manufacturero-por-intensidad-tecnologica\/#breadcrumb\"},\"inLanguage\":\"en-US\",\"potentialAction\":[{\"@type\":\"ReadAction\",\"target\":[\"https:\/\/www.producempresarial.pe\/desempeno-exportador-del-sector-manufacturero-por-intensidad-tecnologica\/\"]}]},{\"@type\":\"ImageObject\",\"inLanguage\":\"en-US\",\"@id\":\"https:\/\/www.producempresarial.pe\/desempeno-exportador-del-sector-manufacturero-por-intensidad-tecnologica\/#primaryimage\",\"url\":\"https:\/\/www.producempresarial.pe\/wp-content\/uploads\/2023\/12\/Desempen\u0303o.png\",\"contentUrl\":\"https:\/\/www.producempresarial.pe\/wp-content\/uploads\/2023\/12\/Desempen\u0303o.png\",\"width\":590,\"height\":784},{\"@type\":\"BreadcrumbList\",\"@id\":\"https:\/\/www.producempresarial.pe\/desempeno-exportador-del-sector-manufacturero-por-intensidad-tecnologica\/#breadcrumb\",\"itemListElement\":[{\"@type\":\"ListItem\",\"position\":1,\"name\":\"Home\",\"item\":\"https:\/\/www.producempresarial.pe\/\"},{\"@type\":\"ListItem\",\"position\":2,\"name\":\"Desempe\u00f1o Exportador del Sector Manufactura por Intensidad Tecnol\u00f3gica\"}]},{\"@type\":\"WebSite\",\"@id\":\"https:\/\/www.producempresarial.pe\/#website\",\"url\":\"https:\/\/www.producempresarial.pe\/\",\"name\":\"Observatorio PRODUCEmpresarial\",\"description\":\"Herramienta estrat\u00e9gica que integra y genera peri\u00f3dicamente evidencia y an\u00e1lisis sobre el desempe\u00f1o productivo del sector empresarial, as\u00ed como contribuye en la difusi\u00f3n de informaci\u00f3n y documentos t\u00e9cnicos anal\u00edticos y especializados sobre el desempe\u00f1o de las empresas en el Per\u00fa.\",\"publisher\":{\"@id\":\"https:\/\/www.producempresarial.pe\/#organization\"},\"potentialAction\":[{\"@type\":\"SearchAction\",\"target\":{\"@type\":\"EntryPoint\",\"urlTemplate\":\"https:\/\/www.producempresarial.pe\/?s={search_term_string}\"},\"query-input\":{\"@type\":\"PropertyValueSpecification\",\"valueRequired\":true,\"valueName\":\"search_term_string\"}}],\"inLanguage\":\"en-US\"},{\"@type\":\"Organization\",\"@id\":\"https:\/\/www.producempresarial.pe\/#organization\",\"name\":\"PRDOUCE\",\"url\":\"https:\/\/www.producempresarial.pe\/\",\"logo\":{\"@type\":\"ImageObject\",\"inLanguage\":\"en-US\",\"@id\":\"https:\/\/www.producempresarial.pe\/#\/schema\/logo\/image\/\",\"url\":\"https:\/\/www.producempresarial.pe\/wp-content\/uploads\/2024\/02\/image-logo-share.png\",\"contentUrl\":\"https:\/\/www.producempresarial.pe\/wp-content\/uploads\/2024\/02\/image-logo-share.png\",\"width\":1200,\"height\":628,\"caption\":\"PRDOUCE\"},\"image\":{\"@id\":\"https:\/\/www.producempresarial.pe\/#\/schema\/logo\/image\/\"}},{\"@type\":\"Person\",\"@id\":\"https:\/\/www.producempresarial.pe\/#\/schema\/person\/6e13e1f2f8fc108ce3789cbdb23a5d21\",\"name\":\"admin\",\"sameAs\":[\"https:\/\/www.producempresarial.pe\"],\"url\":\"https:\/\/www.producempresarial.pe\/en\/author\/admin\/\"}]}<\/script>\n<!-- \/ Yoast SEO plugin. -->","yoast_head_json":{"title":"Desempe\u00f1o Exportador del Sector Manufactura por Intensidad Tecnol\u00f3gica - Observatorio PRODUCEmpresarial","robots":{"index":"index","follow":"follow","max-snippet":"max-snippet:-1","max-image-preview":"max-image-preview:large","max-video-preview":"max-video-preview:-1"},"canonical":"https:\/\/www.producempresarial.pe\/en\/desempeno-exportador-del-sector-manufacturero-por-intensidad-tecnologica\/","og_locale":"en_US","og_type":"article","og_title":"Desempe\u00f1o Exportador del Sector Manufactura por Intensidad Tecnol\u00f3gica - Observatorio PRODUCEmpresarial","og_description":"El presente estudio analiza como primer punto de discusi\u00f3n, el desempe\u00f1o y orientaci\u00f3n de los principales pa\u00edses industrializados como EE.UU., Alemania, Jap\u00f3n, Reino Unido, Rusia, China y Brasil en relaci\u00f3n a la modernizaci\u00f3n tecnol\u00f3gica. En la \u00faltima d\u00e9cada, estas econom\u00edas evidencian un ligero incremento en las exportaciones de productos basados en recursos naturales, siendo favorecidas ... Read more","og_url":"https:\/\/www.producempresarial.pe\/en\/desempeno-exportador-del-sector-manufacturero-por-intensidad-tecnologica\/","og_site_name":"Observatorio PRODUCEmpresarial","article_published_time":"2023-12-29T14:20:37+00:00","article_modified_time":"2024-01-18T22:11:23+00:00","og_image":[{"width":590,"height":784,"url":"https:\/\/www.producempresarial.pe\/wp-content\/uploads\/2023\/12\/Desempen\u0303o.png","type":"image\/png"}],"author":"admin","twitter_card":"summary_large_image","twitter_misc":{"Written por":"admin","Est. reading time":"1 minute"},"schema":{"@context":"https:\/\/schema.org","@graph":[{"@type":"Article","@id":"https:\/\/www.producempresarial.pe\/desempeno-exportador-del-sector-manufacturero-por-intensidad-tecnologica\/#article","isPartOf":{"@id":"https:\/\/www.producempresarial.pe\/desempeno-exportador-del-sector-manufacturero-por-intensidad-tecnologica\/"},"author":{"name":"admin","@id":"https:\/\/www.producempresarial.pe\/#\/schema\/person\/6e13e1f2f8fc108ce3789cbdb23a5d21"},"headline":"Desempe\u00f1o Exportador del Sector Manufactura por Intensidad Tecnol\u00f3gica","datePublished":"2023-12-29T14:20:37+00:00","dateModified":"2024-01-18T22:11:23+00:00","mainEntityOfPage":{"@id":"https:\/\/www.producempresarial.pe\/desempeno-exportador-del-sector-manufacturero-por-intensidad-tecnologica\/"},"wordCount":146,"commentCount":0,"publisher":{"@id":"https:\/\/www.producempresarial.pe\/#organization"},"image":{"@id":"https:\/\/www.producempresarial.pe\/desempeno-exportador-del-sector-manufacturero-por-intensidad-tecnologica\/#primaryimage"},"thumbnailUrl":"https:\/\/www.producempresarial.pe\/wp-content\/uploads\/2023\/12\/Desempen\u0303o.png","articleSection":["Comercio"],"inLanguage":"en-US","potentialAction":[{"@type":"CommentAction","name":"Comment","target":["https:\/\/www.producempresarial.pe\/desempeno-exportador-del-sector-manufacturero-por-intensidad-tecnologica\/#respond"]}]},{"@type":"WebPage","@id":"https:\/\/www.producempresarial.pe\/desempeno-exportador-del-sector-manufacturero-por-intensidad-tecnologica\/","url":"https:\/\/www.producempresarial.pe\/desempeno-exportador-del-sector-manufacturero-por-intensidad-tecnologica\/","name":"Desempe\u00f1o Exportador del Sector Manufactura por Intensidad Tecnol\u00f3gica - Observatorio PRODUCEmpresarial","isPartOf":{"@id":"https:\/\/www.producempresarial.pe\/#website"},"primaryImageOfPage":{"@id":"https:\/\/www.producempresarial.pe\/desempeno-exportador-del-sector-manufacturero-por-intensidad-tecnologica\/#primaryimage"},"image":{"@id":"https:\/\/www.producempresarial.pe\/desempeno-exportador-del-sector-manufacturero-por-intensidad-tecnologica\/#primaryimage"},"thumbnailUrl":"https:\/\/www.producempresarial.pe\/wp-content\/uploads\/2023\/12\/Desempen\u0303o.png","datePublished":"2023-12-29T14:20:37+00:00","dateModified":"2024-01-18T22:11:23+00:00","breadcrumb":{"@id":"https:\/\/www.producempresarial.pe\/desempeno-exportador-del-sector-manufacturero-por-intensidad-tecnologica\/#breadcrumb"},"inLanguage":"en-US","potentialAction":[{"@type":"ReadAction","target":["https:\/\/www.producempresarial.pe\/desempeno-exportador-del-sector-manufacturero-por-intensidad-tecnologica\/"]}]},{"@type":"ImageObject","inLanguage":"en-US","@id":"https:\/\/www.producempresarial.pe\/desempeno-exportador-del-sector-manufacturero-por-intensidad-tecnologica\/#primaryimage","url":"https:\/\/www.producempresarial.pe\/wp-content\/uploads\/2023\/12\/Desempen\u0303o.png","contentUrl":"https:\/\/www.producempresarial.pe\/wp-content\/uploads\/2023\/12\/Desempen\u0303o.png","width":590,"height":784},{"@type":"BreadcrumbList","@id":"https:\/\/www.producempresarial.pe\/desempeno-exportador-del-sector-manufacturero-por-intensidad-tecnologica\/#breadcrumb","itemListElement":[{"@type":"ListItem","position":1,"name":"Home","item":"https:\/\/www.producempresarial.pe\/"},{"@type":"ListItem","position":2,"name":"Desempe\u00f1o Exportador del Sector Manufactura por Intensidad Tecnol\u00f3gica"}]},{"@type":"WebSite","@id":"https:\/\/www.producempresarial.pe\/#website","url":"https:\/\/www.producempresarial.pe\/","name":"PRODUCEmpresarial Observatory","description":"Herramienta estrat\u00e9gica que integra y genera peri\u00f3dicamente evidencia y an\u00e1lisis sobre el desempe\u00f1o productivo del sector empresarial, as\u00ed como contribuye en la difusi\u00f3n de informaci\u00f3n y documentos t\u00e9cnicos anal\u00edticos y especializados sobre el desempe\u00f1o de las empresas en el Per\u00fa.","publisher":{"@id":"https:\/\/www.producempresarial.pe\/#organization"},"potentialAction":[{"@type":"SearchAction","target":{"@type":"EntryPoint","urlTemplate":"https:\/\/www.producempresarial.pe\/?s={search_term_string}"},"query-input":{"@type":"PropertyValueSpecification","valueRequired":true,"valueName":"search_term_string"}}],"inLanguage":"en-US"},{"@type":"Organization","@id":"https:\/\/www.producempresarial.pe\/#organization","name":"PRDOUCE","url":"https:\/\/www.producempresarial.pe\/","logo":{"@type":"ImageObject","inLanguage":"en-US","@id":"https:\/\/www.producempresarial.pe\/#\/schema\/logo\/image\/","url":"https:\/\/www.producempresarial.pe\/wp-content\/uploads\/2024\/02\/image-logo-share.png","contentUrl":"https:\/\/www.producempresarial.pe\/wp-content\/uploads\/2024\/02\/image-logo-share.png","width":1200,"height":628,"caption":"PRDOUCE"},"image":{"@id":"https:\/\/www.producempresarial.pe\/#\/schema\/logo\/image\/"}},{"@type":"Person","@id":"https:\/\/www.producempresarial.pe\/#\/schema\/person\/6e13e1f2f8fc108ce3789cbdb23a5d21","name":"admin","sameAs":["https:\/\/www.producempresarial.pe"],"url":"https:\/\/www.producempresarial.pe\/en\/author\/admin\/"}]}},"_links":{"self":[{"href":"https:\/\/www.producempresarial.pe\/en\/wp-json\/wp\/v2\/posts\/1792","targetHints":{"allow":["GET"]}}],"collection":[{"href":"https:\/\/www.producempresarial.pe\/en\/wp-json\/wp\/v2\/posts"}],"about":[{"href":"https:\/\/www.producempresarial.pe\/en\/wp-json\/wp\/v2\/types\/post"}],"author":[{"embeddable":true,"href":"https:\/\/www.producempresarial.pe\/en\/wp-json\/wp\/v2\/users\/1"}],"replies":[{"embeddable":true,"href":"https:\/\/www.producempresarial.pe\/en\/wp-json\/wp\/v2\/comments?post=1792"}],"version-history":[{"count":5,"href":"https:\/\/www.producempresarial.pe\/en\/wp-json\/wp\/v2\/posts\/1792\/revisions"}],"predecessor-version":[{"id":5567,"href":"https:\/\/www.producempresarial.pe\/en\/wp-json\/wp\/v2\/posts\/1792\/revisions\/5567"}],"wp:featuredmedia":[{"embeddable":true,"href":"https:\/\/www.producempresarial.pe\/en\/wp-json\/wp\/v2\/media\/1795"}],"wp:attachment":[{"href":"https:\/\/www.producempresarial.pe\/en\/wp-json\/wp\/v2\/media?parent=1792"}],"wp:term":[{"taxonomy":"category","embeddable":true,"href":"https:\/\/www.producempresarial.pe\/en\/wp-json\/wp\/v2\/categories?post=1792"},{"taxonomy":"post_tag","embeddable":true,"href":"https:\/\/www.producempresarial.pe\/en\/wp-json\/wp\/v2\/tags?post=1792"}],"curies":[{"name":"wp","href":"https:\/\/api.w.org\/{rel}","templated":true}]}}