{"id":19798,"date":"2024-09-19T09:11:31","date_gmt":"2024-09-19T14:11:31","guid":{"rendered":"https:\/\/www.producempresarial.pe\/?p=19798"},"modified":"2024-09-19T09:11:34","modified_gmt":"2024-09-19T14:11:34","slug":"julio-2024-reporte-coyuntural-comercio-interno","status":"publish","type":"post","link":"https:\/\/www.producempresarial.pe\/en\/julio-2024-reporte-coyuntural-comercio-interno\/","title":{"rendered":"July 2024 \u2013 Conjunctural Report on Domestic Trade"},"content":{"rendered":"<p>In July, domestic trade sales grew by 7.2% compared to July 2023, marking three consecutive months of growth. This result is mainly due to increased sales in supermarkets, department stores, hardware stores, and home goods stores, driven by higher domestic demand (+3.2%), boosted by national holiday campaigns and promotional events like \u201cCyber Days.\u201d<\/p>\n\n\n\n<div data-wp-interactive=\"core\/file\" class=\"wp-block-file\"><object data-wp-bind--hidden=\"!state.hasPdfPreview\" hidden class=\"wp-block-file__embed\" data=\"https:\/\/www.producempresarial.pe\/wp-content\/uploads\/2024\/09\/108-Resumen-Resultados-del-Comercio-Interno-Julio-2024_rev18.09.2024.pdf\" type=\"application\/pdf\" style=\"width:100%;height:600px\" aria-label=\"Embed of 108-Resumen-Resultados-del-Comercio-Interno-Julio-2024_rev18.09.2024.\"><\/object><a id=\"wp-block-file--media-f207999c-f54c-452b-9654-6a8033a11d6d\" href=\"https:\/\/www.producempresarial.pe\/wp-content\/uploads\/2024\/09\/108-Resumen-Resultados-del-Comercio-Interno-Julio-2024_rev18.09.2024.pdf\">108-Resumen-Resultados-del-Comercio-Interno-Julio-2024_rev18.09.2024<\/a><a href=\"https:\/\/www.producempresarial.pe\/wp-content\/uploads\/2024\/09\/108-Resumen-Resultados-del-Comercio-Interno-Julio-2024_rev18.09.2024.pdf\" class=\"wp-block-file__button wp-element-button\" download aria-describedby=\"wp-block-file--media-f207999c-f54c-452b-9654-6a8033a11d6d\">Download PDF<\/a><\/div>","protected":false},"excerpt":{"rendered":"<p>En julio, las ventas del comercio interno crecieron en 7.2% con relaci\u00f3n a julio de 2023, acumulando as\u00ed tres meses consecutivos al alza. Este resultado se debe principalmente al incremento de las ventas en los supermercados, tiendas por departamento, ferreter\u00edas y equipamiento para el hogar, impulsadas por un aumento en la demanda interna (+3.2%), favorecido &#8230; <a title=\"July 2024 \u2013 Conjunctural Report on Domestic Trade\" class=\"read-more\" href=\"https:\/\/www.producempresarial.pe\/en\/julio-2024-reporte-coyuntural-comercio-interno\/\" aria-label=\"Read more about Julio 2024 \u2013 Reporte Coyuntural Comercio Interno\">Read more<\/a><\/p>","protected":false},"author":1,"featured_media":19800,"comment_status":"open","ping_status":"open","sticky":false,"template":"","format":"standard","meta":{"_acf_changed":false,"footnotes":""},"categories":[274,271],"tags":[],"class_list":["post-19798","post","type-post","status-publish","format-standard","has-post-thumbnail","hentry","category-comercio-interno-om","category-comercio-interno-reportes"],"acf":[],"yoast_head":"<!-- This site is optimized with the Yoast SEO plugin v27.1.1 - https:\/\/yoast.com\/product\/yoast-seo-wordpress\/ -->\n<title>Julio 2024 \u2013 Reporte Coyuntural Comercio Interno - Observatorio PRODUCEmpresarial<\/title>\n<meta name=\"robots\" content=\"index, follow, max-snippet:-1, max-image-preview:large, max-video-preview:-1\" \/>\n<link rel=\"canonical\" href=\"https:\/\/www.producempresarial.pe\/en\/julio-2024-reporte-coyuntural-comercio-interno\/\" \/>\n<meta property=\"og:locale\" content=\"en_US\" \/>\n<meta property=\"og:type\" content=\"article\" \/>\n<meta property=\"og:title\" content=\"Julio 2024 \u2013 Reporte Coyuntural Comercio Interno - Observatorio PRODUCEmpresarial\" \/>\n<meta property=\"og:description\" content=\"En julio, las ventas del comercio interno crecieron en 7.2% con relaci\u00f3n a julio de 2023, acumulando as\u00ed tres meses consecutivos al alza. Este resultado se debe principalmente al incremento de las ventas en los supermercados, tiendas por departamento, ferreter\u00edas y equipamiento para el hogar, impulsadas por un aumento en la demanda interna (+3.2%), favorecido ... Read more\" \/>\n<meta property=\"og:url\" content=\"https:\/\/www.producempresarial.pe\/en\/julio-2024-reporte-coyuntural-comercio-interno\/\" \/>\n<meta property=\"og:site_name\" content=\"Observatorio PRODUCEmpresarial\" \/>\n<meta property=\"article:published_time\" content=\"2024-09-19T14:11:31+00:00\" \/>\n<meta property=\"article:modified_time\" content=\"2024-09-19T14:11:34+00:00\" \/>\n<meta property=\"og:image\" content=\"https:\/\/www.producempresarial.pe\/wp-content\/uploads\/2024\/09\/108-Captura-de-pantalla-2024-09-19-090603.png\" \/>\n\t<meta property=\"og:image:width\" content=\"802\" \/>\n\t<meta property=\"og:image:height\" content=\"454\" \/>\n\t<meta property=\"og:image:type\" content=\"image\/png\" \/>\n<meta name=\"author\" content=\"admin\" \/>\n<meta name=\"twitter:card\" content=\"summary_large_image\" \/>\n<meta name=\"twitter:label1\" content=\"Written por\" \/>\n\t<meta name=\"twitter:data1\" content=\"admin\" \/>\n\t<meta name=\"twitter:label2\" content=\"Est. reading time\" \/>\n\t<meta name=\"twitter:data2\" content=\"1 minute\" \/>\n<script type=\"application\/ld+json\" class=\"yoast-schema-graph\">{\"@context\":\"https:\/\/schema.org\",\"@graph\":[{\"@type\":\"Article\",\"@id\":\"https:\/\/www.producempresarial.pe\/julio-2024-reporte-coyuntural-comercio-interno\/#article\",\"isPartOf\":{\"@id\":\"https:\/\/www.producempresarial.pe\/julio-2024-reporte-coyuntural-comercio-interno\/\"},\"author\":{\"name\":\"admin\",\"@id\":\"https:\/\/www.producempresarial.pe\/#\/schema\/person\/6e13e1f2f8fc108ce3789cbdb23a5d21\"},\"headline\":\"Julio 2024 \u2013 Reporte Coyuntural Comercio Interno\",\"datePublished\":\"2024-09-19T14:11:31+00:00\",\"dateModified\":\"2024-09-19T14:11:34+00:00\",\"mainEntityOfPage\":{\"@id\":\"https:\/\/www.producempresarial.pe\/julio-2024-reporte-coyuntural-comercio-interno\/\"},\"wordCount\":77,\"commentCount\":0,\"publisher\":{\"@id\":\"https:\/\/www.producempresarial.pe\/#organization\"},\"image\":{\"@id\":\"https:\/\/www.producempresarial.pe\/julio-2024-reporte-coyuntural-comercio-interno\/#primaryimage\"},\"thumbnailUrl\":\"https:\/\/www.producempresarial.pe\/wp-content\/uploads\/2024\/09\/108-Captura-de-pantalla-2024-09-19-090603.png\",\"articleSection\":[\"Comercio Interno\",\"Reportes Coyunturales\"],\"inLanguage\":\"en-US\",\"potentialAction\":[{\"@type\":\"CommentAction\",\"name\":\"Comment\",\"target\":[\"https:\/\/www.producempresarial.pe\/julio-2024-reporte-coyuntural-comercio-interno\/#respond\"]}]},{\"@type\":\"WebPage\",\"@id\":\"https:\/\/www.producempresarial.pe\/julio-2024-reporte-coyuntural-comercio-interno\/\",\"url\":\"https:\/\/www.producempresarial.pe\/julio-2024-reporte-coyuntural-comercio-interno\/\",\"name\":\"Julio 2024 \u2013 Reporte Coyuntural Comercio Interno - Observatorio PRODUCEmpresarial\",\"isPartOf\":{\"@id\":\"https:\/\/www.producempresarial.pe\/#website\"},\"primaryImageOfPage\":{\"@id\":\"https:\/\/www.producempresarial.pe\/julio-2024-reporte-coyuntural-comercio-interno\/#primaryimage\"},\"image\":{\"@id\":\"https:\/\/www.producempresarial.pe\/julio-2024-reporte-coyuntural-comercio-interno\/#primaryimage\"},\"thumbnailUrl\":\"https:\/\/www.producempresarial.pe\/wp-content\/uploads\/2024\/09\/108-Captura-de-pantalla-2024-09-19-090603.png\",\"datePublished\":\"2024-09-19T14:11:31+00:00\",\"dateModified\":\"2024-09-19T14:11:34+00:00\",\"breadcrumb\":{\"@id\":\"https:\/\/www.producempresarial.pe\/julio-2024-reporte-coyuntural-comercio-interno\/#breadcrumb\"},\"inLanguage\":\"en-US\",\"potentialAction\":[{\"@type\":\"ReadAction\",\"target\":[\"https:\/\/www.producempresarial.pe\/julio-2024-reporte-coyuntural-comercio-interno\/\"]}]},{\"@type\":\"ImageObject\",\"inLanguage\":\"en-US\",\"@id\":\"https:\/\/www.producempresarial.pe\/julio-2024-reporte-coyuntural-comercio-interno\/#primaryimage\",\"url\":\"https:\/\/www.producempresarial.pe\/wp-content\/uploads\/2024\/09\/108-Captura-de-pantalla-2024-09-19-090603.png\",\"contentUrl\":\"https:\/\/www.producempresarial.pe\/wp-content\/uploads\/2024\/09\/108-Captura-de-pantalla-2024-09-19-090603.png\",\"width\":802,\"height\":454},{\"@type\":\"BreadcrumbList\",\"@id\":\"https:\/\/www.producempresarial.pe\/julio-2024-reporte-coyuntural-comercio-interno\/#breadcrumb\",\"itemListElement\":[{\"@type\":\"ListItem\",\"position\":1,\"name\":\"Home\",\"item\":\"https:\/\/www.producempresarial.pe\/\"},{\"@type\":\"ListItem\",\"position\":2,\"name\":\"Julio 2024 \u2013 Reporte Coyuntural Comercio Interno\"}]},{\"@type\":\"WebSite\",\"@id\":\"https:\/\/www.producempresarial.pe\/#website\",\"url\":\"https:\/\/www.producempresarial.pe\/\",\"name\":\"Observatorio PRODUCEmpresarial\",\"description\":\"Herramienta estrat\u00e9gica que integra y genera peri\u00f3dicamente evidencia y an\u00e1lisis sobre el desempe\u00f1o productivo del sector empresarial, as\u00ed como contribuye en la difusi\u00f3n de informaci\u00f3n y documentos t\u00e9cnicos anal\u00edticos y especializados sobre el desempe\u00f1o de las empresas en el Per\u00fa.\",\"publisher\":{\"@id\":\"https:\/\/www.producempresarial.pe\/#organization\"},\"potentialAction\":[{\"@type\":\"SearchAction\",\"target\":{\"@type\":\"EntryPoint\",\"urlTemplate\":\"https:\/\/www.producempresarial.pe\/?s={search_term_string}\"},\"query-input\":{\"@type\":\"PropertyValueSpecification\",\"valueRequired\":true,\"valueName\":\"search_term_string\"}}],\"inLanguage\":\"en-US\"},{\"@type\":\"Organization\",\"@id\":\"https:\/\/www.producempresarial.pe\/#organization\",\"name\":\"PRDOUCE\",\"url\":\"https:\/\/www.producempresarial.pe\/\",\"logo\":{\"@type\":\"ImageObject\",\"inLanguage\":\"en-US\",\"@id\":\"https:\/\/www.producempresarial.pe\/#\/schema\/logo\/image\/\",\"url\":\"https:\/\/www.producempresarial.pe\/wp-content\/uploads\/2024\/02\/image-logo-share.png\",\"contentUrl\":\"https:\/\/www.producempresarial.pe\/wp-content\/uploads\/2024\/02\/image-logo-share.png\",\"width\":1200,\"height\":628,\"caption\":\"PRDOUCE\"},\"image\":{\"@id\":\"https:\/\/www.producempresarial.pe\/#\/schema\/logo\/image\/\"}},{\"@type\":\"Person\",\"@id\":\"https:\/\/www.producempresarial.pe\/#\/schema\/person\/6e13e1f2f8fc108ce3789cbdb23a5d21\",\"name\":\"admin\",\"sameAs\":[\"https:\/\/www.producempresarial.pe\"],\"url\":\"https:\/\/www.producempresarial.pe\/en\/author\/admin\/\"}]}<\/script>\n<!-- \/ Yoast SEO plugin. -->","yoast_head_json":{"title":"Julio 2024 \u2013 Reporte Coyuntural Comercio Interno - Observatorio PRODUCEmpresarial","robots":{"index":"index","follow":"follow","max-snippet":"max-snippet:-1","max-image-preview":"max-image-preview:large","max-video-preview":"max-video-preview:-1"},"canonical":"https:\/\/www.producempresarial.pe\/en\/julio-2024-reporte-coyuntural-comercio-interno\/","og_locale":"en_US","og_type":"article","og_title":"Julio 2024 \u2013 Reporte Coyuntural Comercio Interno - Observatorio PRODUCEmpresarial","og_description":"En julio, las ventas del comercio interno crecieron en 7.2% con relaci\u00f3n a julio de 2023, acumulando as\u00ed tres meses consecutivos al alza. Este resultado se debe principalmente al incremento de las ventas en los supermercados, tiendas por departamento, ferreter\u00edas y equipamiento para el hogar, impulsadas por un aumento en la demanda interna (+3.2%), favorecido ... Read more","og_url":"https:\/\/www.producempresarial.pe\/en\/julio-2024-reporte-coyuntural-comercio-interno\/","og_site_name":"Observatorio PRODUCEmpresarial","article_published_time":"2024-09-19T14:11:31+00:00","article_modified_time":"2024-09-19T14:11:34+00:00","og_image":[{"width":802,"height":454,"url":"https:\/\/www.producempresarial.pe\/wp-content\/uploads\/2024\/09\/108-Captura-de-pantalla-2024-09-19-090603.png","type":"image\/png"}],"author":"admin","twitter_card":"summary_large_image","twitter_misc":{"Written por":"admin","Est. reading time":"1 minute"},"schema":{"@context":"https:\/\/schema.org","@graph":[{"@type":"Article","@id":"https:\/\/www.producempresarial.pe\/julio-2024-reporte-coyuntural-comercio-interno\/#article","isPartOf":{"@id":"https:\/\/www.producempresarial.pe\/julio-2024-reporte-coyuntural-comercio-interno\/"},"author":{"name":"admin","@id":"https:\/\/www.producempresarial.pe\/#\/schema\/person\/6e13e1f2f8fc108ce3789cbdb23a5d21"},"headline":"Julio 2024 \u2013 Reporte Coyuntural Comercio Interno","datePublished":"2024-09-19T14:11:31+00:00","dateModified":"2024-09-19T14:11:34+00:00","mainEntityOfPage":{"@id":"https:\/\/www.producempresarial.pe\/julio-2024-reporte-coyuntural-comercio-interno\/"},"wordCount":77,"commentCount":0,"publisher":{"@id":"https:\/\/www.producempresarial.pe\/#organization"},"image":{"@id":"https:\/\/www.producempresarial.pe\/julio-2024-reporte-coyuntural-comercio-interno\/#primaryimage"},"thumbnailUrl":"https:\/\/www.producempresarial.pe\/wp-content\/uploads\/2024\/09\/108-Captura-de-pantalla-2024-09-19-090603.png","articleSection":["Comercio Interno","Reportes Coyunturales"],"inLanguage":"en-US","potentialAction":[{"@type":"CommentAction","name":"Comment","target":["https:\/\/www.producempresarial.pe\/julio-2024-reporte-coyuntural-comercio-interno\/#respond"]}]},{"@type":"WebPage","@id":"https:\/\/www.producempresarial.pe\/julio-2024-reporte-coyuntural-comercio-interno\/","url":"https:\/\/www.producempresarial.pe\/julio-2024-reporte-coyuntural-comercio-interno\/","name":"Julio 2024 \u2013 Reporte Coyuntural Comercio Interno - Observatorio PRODUCEmpresarial","isPartOf":{"@id":"https:\/\/www.producempresarial.pe\/#website"},"primaryImageOfPage":{"@id":"https:\/\/www.producempresarial.pe\/julio-2024-reporte-coyuntural-comercio-interno\/#primaryimage"},"image":{"@id":"https:\/\/www.producempresarial.pe\/julio-2024-reporte-coyuntural-comercio-interno\/#primaryimage"},"thumbnailUrl":"https:\/\/www.producempresarial.pe\/wp-content\/uploads\/2024\/09\/108-Captura-de-pantalla-2024-09-19-090603.png","datePublished":"2024-09-19T14:11:31+00:00","dateModified":"2024-09-19T14:11:34+00:00","breadcrumb":{"@id":"https:\/\/www.producempresarial.pe\/julio-2024-reporte-coyuntural-comercio-interno\/#breadcrumb"},"inLanguage":"en-US","potentialAction":[{"@type":"ReadAction","target":["https:\/\/www.producempresarial.pe\/julio-2024-reporte-coyuntural-comercio-interno\/"]}]},{"@type":"ImageObject","inLanguage":"en-US","@id":"https:\/\/www.producempresarial.pe\/julio-2024-reporte-coyuntural-comercio-interno\/#primaryimage","url":"https:\/\/www.producempresarial.pe\/wp-content\/uploads\/2024\/09\/108-Captura-de-pantalla-2024-09-19-090603.png","contentUrl":"https:\/\/www.producempresarial.pe\/wp-content\/uploads\/2024\/09\/108-Captura-de-pantalla-2024-09-19-090603.png","width":802,"height":454},{"@type":"BreadcrumbList","@id":"https:\/\/www.producempresarial.pe\/julio-2024-reporte-coyuntural-comercio-interno\/#breadcrumb","itemListElement":[{"@type":"ListItem","position":1,"name":"Home","item":"https:\/\/www.producempresarial.pe\/"},{"@type":"ListItem","position":2,"name":"Julio 2024 \u2013 Reporte Coyuntural Comercio Interno"}]},{"@type":"WebSite","@id":"https:\/\/www.producempresarial.pe\/#website","url":"https:\/\/www.producempresarial.pe\/","name":"PRODUCEmpresarial Observatory","description":"Herramienta estrat\u00e9gica que integra y genera peri\u00f3dicamente evidencia y an\u00e1lisis sobre el desempe\u00f1o productivo del sector empresarial, as\u00ed como contribuye en la difusi\u00f3n de informaci\u00f3n y documentos t\u00e9cnicos anal\u00edticos y especializados sobre el desempe\u00f1o de las empresas en el Per\u00fa.","publisher":{"@id":"https:\/\/www.producempresarial.pe\/#organization"},"potentialAction":[{"@type":"SearchAction","target":{"@type":"EntryPoint","urlTemplate":"https:\/\/www.producempresarial.pe\/?s={search_term_string}"},"query-input":{"@type":"PropertyValueSpecification","valueRequired":true,"valueName":"search_term_string"}}],"inLanguage":"en-US"},{"@type":"Organization","@id":"https:\/\/www.producempresarial.pe\/#organization","name":"PRDOUCE","url":"https:\/\/www.producempresarial.pe\/","logo":{"@type":"ImageObject","inLanguage":"en-US","@id":"https:\/\/www.producempresarial.pe\/#\/schema\/logo\/image\/","url":"https:\/\/www.producempresarial.pe\/wp-content\/uploads\/2024\/02\/image-logo-share.png","contentUrl":"https:\/\/www.producempresarial.pe\/wp-content\/uploads\/2024\/02\/image-logo-share.png","width":1200,"height":628,"caption":"PRDOUCE"},"image":{"@id":"https:\/\/www.producempresarial.pe\/#\/schema\/logo\/image\/"}},{"@type":"Person","@id":"https:\/\/www.producempresarial.pe\/#\/schema\/person\/6e13e1f2f8fc108ce3789cbdb23a5d21","name":"admin","sameAs":["https:\/\/www.producempresarial.pe"],"url":"https:\/\/www.producempresarial.pe\/en\/author\/admin\/"}]}},"_links":{"self":[{"href":"https:\/\/www.producempresarial.pe\/en\/wp-json\/wp\/v2\/posts\/19798","targetHints":{"allow":["GET"]}}],"collection":[{"href":"https:\/\/www.producempresarial.pe\/en\/wp-json\/wp\/v2\/posts"}],"about":[{"href":"https:\/\/www.producempresarial.pe\/en\/wp-json\/wp\/v2\/types\/post"}],"author":[{"embeddable":true,"href":"https:\/\/www.producempresarial.pe\/en\/wp-json\/wp\/v2\/users\/1"}],"replies":[{"embeddable":true,"href":"https:\/\/www.producempresarial.pe\/en\/wp-json\/wp\/v2\/comments?post=19798"}],"version-history":[{"count":2,"href":"https:\/\/www.producempresarial.pe\/en\/wp-json\/wp\/v2\/posts\/19798\/revisions"}],"predecessor-version":[{"id":19802,"href":"https:\/\/www.producempresarial.pe\/en\/wp-json\/wp\/v2\/posts\/19798\/revisions\/19802"}],"wp:featuredmedia":[{"embeddable":true,"href":"https:\/\/www.producempresarial.pe\/en\/wp-json\/wp\/v2\/media\/19800"}],"wp:attachment":[{"href":"https:\/\/www.producempresarial.pe\/en\/wp-json\/wp\/v2\/media?parent=19798"}],"wp:term":[{"taxonomy":"category","embeddable":true,"href":"https:\/\/www.producempresarial.pe\/en\/wp-json\/wp\/v2\/categories?post=19798"},{"taxonomy":"post_tag","embeddable":true,"href":"https:\/\/www.producempresarial.pe\/en\/wp-json\/wp\/v2\/tags?post=19798"}],"curies":[{"name":"wp","href":"https:\/\/api.w.org\/{rel}","templated":true}]}}