{"id":25259,"date":"2025-04-02T11:01:44","date_gmt":"2025-04-02T16:01:44","guid":{"rendered":"https:\/\/www.producempresarial.pe\/?p=25259"},"modified":"2025-04-02T11:01:46","modified_gmt":"2025-04-02T16:01:46","slug":"marzo-2025-reporte-sectorial-inflacion","status":"publish","type":"post","link":"https:\/\/www.producempresarial.pe\/en\/marzo-2025-reporte-sectorial-inflacion\/","title":{"rendered":"March 2025: Sectoral Inflation Report"},"content":{"rendered":"<p>In March, the monthly inflation rate in Metropolitan Lima was +0.81%, marking an increase compared to the previous month (+0.19%). This result is mainly explained by the rise in the prices of private school tuition, eviscerated chicken, and hen eggs. On the other hand, the decrease in the prices of granadilla, mandarin, domestic airfare, gasohol, and interprovincial bus fares partially offset deflationary pressures.<\/p>\n\n\n\n<div data-wp-interactive=\"core\/file\" class=\"wp-block-file\"><object data-wp-bind--hidden=\"!state.hasPdfPreview\" hidden class=\"wp-block-file__embed\" data=\"https:\/\/www.producempresarial.pe\/wp-content\/uploads\/2025\/04\/307-PPT-Inflacion-y-Alimentos-Marzo-2025-_01.04.2025_rev.pdf\" type=\"application\/pdf\" style=\"width:100%;height:600px\" aria-label=\"Embed of 307-PPT-Inflacion-y-Alimentos-Marzo-2025-_01.04.2025_rev.\"><\/object><a id=\"wp-block-file--media-b088438b-5204-414b-91f1-fdbe1da12bae\" href=\"https:\/\/www.producempresarial.pe\/wp-content\/uploads\/2025\/04\/307-PPT-Inflacion-y-Alimentos-Marzo-2025-_01.04.2025_rev.pdf\">307-PPT-Inflacion-y-Alimentos-Marzo-2025-_01.04.2025_rev<\/a><a href=\"https:\/\/www.producempresarial.pe\/wp-content\/uploads\/2025\/04\/307-PPT-Inflacion-y-Alimentos-Marzo-2025-_01.04.2025_rev.pdf\" class=\"wp-block-file__button wp-element-button\" download aria-describedby=\"wp-block-file--media-b088438b-5204-414b-91f1-fdbe1da12bae\">Download PDF<\/a><\/div>","protected":false},"excerpt":{"rendered":"<p>En Marzo, la inflaci\u00f3n mensual en Lima Metropolitana fue de +0.81%, significando un aumento respecto al mes anterior (+0.19%). El resultado del mes se explica principalmente por el incremento en los precios de la pensi\u00f3n escolar de colegio particular, pollo eviscerado y huevos de gallina. Por otro lado, la disminuci\u00f3n en los precios de la &#8230; <a title=\"March 2025: Sectoral Inflation Report\" class=\"read-more\" href=\"https:\/\/www.producempresarial.pe\/en\/marzo-2025-reporte-sectorial-inflacion\/\" aria-label=\"Read more about Marzo 2025: Reporte Sectorial Inflaci\u00f3n\">Read more<\/a><\/p>","protected":false},"author":1,"featured_media":25261,"comment_status":"closed","ping_status":"open","sticky":false,"template":"","format":"standard","meta":{"_acf_changed":false,"footnotes":""},"categories":[274,271],"tags":[],"class_list":["post-25259","post","type-post","status-publish","format-standard","has-post-thumbnail","hentry","category-comercio-interno-om","category-comercio-interno-reportes"],"acf":[],"yoast_head":"<!-- This site is optimized with the Yoast SEO plugin v27.1.1 - https:\/\/yoast.com\/product\/yoast-seo-wordpress\/ -->\n<title>Marzo 2025: Reporte Sectorial Inflaci\u00f3n - Observatorio PRODUCEmpresarial<\/title>\n<meta name=\"robots\" content=\"index, follow, max-snippet:-1, max-image-preview:large, max-video-preview:-1\" \/>\n<link rel=\"canonical\" href=\"https:\/\/www.producempresarial.pe\/en\/marzo-2025-reporte-sectorial-inflacion\/\" \/>\n<meta property=\"og:locale\" content=\"en_US\" \/>\n<meta property=\"og:type\" content=\"article\" \/>\n<meta property=\"og:title\" content=\"Marzo 2025: Reporte Sectorial Inflaci\u00f3n - Observatorio PRODUCEmpresarial\" \/>\n<meta property=\"og:description\" content=\"En Marzo, la inflaci\u00f3n mensual en Lima Metropolitana fue de +0.81%, significando un aumento respecto al mes anterior (+0.19%). El resultado del mes se explica principalmente por el incremento en los precios de la pensi\u00f3n escolar de colegio particular, pollo eviscerado y huevos de gallina. Por otro lado, la disminuci\u00f3n en los precios de la ... Read more\" \/>\n<meta property=\"og:url\" content=\"https:\/\/www.producempresarial.pe\/en\/marzo-2025-reporte-sectorial-inflacion\/\" \/>\n<meta property=\"og:site_name\" content=\"Observatorio PRODUCEmpresarial\" \/>\n<meta property=\"article:published_time\" content=\"2025-04-02T16:01:44+00:00\" \/>\n<meta property=\"article:modified_time\" content=\"2025-04-02T16:01:46+00:00\" \/>\n<meta property=\"og:image\" content=\"https:\/\/www.producempresarial.pe\/wp-content\/uploads\/2025\/04\/307-Captura-de-pantalla-2025-04-02-104859.jpg\" \/>\n\t<meta property=\"og:image:width\" content=\"824\" \/>\n\t<meta property=\"og:image:height\" content=\"473\" \/>\n\t<meta property=\"og:image:type\" content=\"image\/jpeg\" \/>\n<meta name=\"author\" content=\"admin\" \/>\n<meta name=\"twitter:card\" content=\"summary_large_image\" \/>\n<meta name=\"twitter:label1\" content=\"Written por\" \/>\n\t<meta name=\"twitter:data1\" content=\"admin\" \/>\n\t<meta name=\"twitter:label2\" content=\"Est. reading time\" \/>\n\t<meta name=\"twitter:data2\" content=\"1 minute\" \/>\n<script type=\"application\/ld+json\" class=\"yoast-schema-graph\">{\"@context\":\"https:\/\/schema.org\",\"@graph\":[{\"@type\":\"Article\",\"@id\":\"https:\/\/www.producempresarial.pe\/marzo-2025-reporte-sectorial-inflacion\/#article\",\"isPartOf\":{\"@id\":\"https:\/\/www.producempresarial.pe\/marzo-2025-reporte-sectorial-inflacion\/\"},\"author\":{\"name\":\"admin\",\"@id\":\"https:\/\/www.producempresarial.pe\/#\/schema\/person\/6e13e1f2f8fc108ce3789cbdb23a5d21\"},\"headline\":\"Marzo 2025: Reporte Sectorial Inflaci\u00f3n\",\"datePublished\":\"2025-04-02T16:01:44+00:00\",\"dateModified\":\"2025-04-02T16:01:46+00:00\",\"mainEntityOfPage\":{\"@id\":\"https:\/\/www.producempresarial.pe\/marzo-2025-reporte-sectorial-inflacion\/\"},\"wordCount\":83,\"publisher\":{\"@id\":\"https:\/\/www.producempresarial.pe\/#organization\"},\"image\":{\"@id\":\"https:\/\/www.producempresarial.pe\/marzo-2025-reporte-sectorial-inflacion\/#primaryimage\"},\"thumbnailUrl\":\"https:\/\/www.producempresarial.pe\/wp-content\/uploads\/2025\/04\/307-Captura-de-pantalla-2025-04-02-104859.jpg\",\"articleSection\":[\"Comercio Interno\",\"Reportes Coyunturales\"],\"inLanguage\":\"en-US\"},{\"@type\":\"WebPage\",\"@id\":\"https:\/\/www.producempresarial.pe\/marzo-2025-reporte-sectorial-inflacion\/\",\"url\":\"https:\/\/www.producempresarial.pe\/marzo-2025-reporte-sectorial-inflacion\/\",\"name\":\"Marzo 2025: Reporte Sectorial Inflaci\u00f3n - Observatorio PRODUCEmpresarial\",\"isPartOf\":{\"@id\":\"https:\/\/www.producempresarial.pe\/#website\"},\"primaryImageOfPage\":{\"@id\":\"https:\/\/www.producempresarial.pe\/marzo-2025-reporte-sectorial-inflacion\/#primaryimage\"},\"image\":{\"@id\":\"https:\/\/www.producempresarial.pe\/marzo-2025-reporte-sectorial-inflacion\/#primaryimage\"},\"thumbnailUrl\":\"https:\/\/www.producempresarial.pe\/wp-content\/uploads\/2025\/04\/307-Captura-de-pantalla-2025-04-02-104859.jpg\",\"datePublished\":\"2025-04-02T16:01:44+00:00\",\"dateModified\":\"2025-04-02T16:01:46+00:00\",\"breadcrumb\":{\"@id\":\"https:\/\/www.producempresarial.pe\/marzo-2025-reporte-sectorial-inflacion\/#breadcrumb\"},\"inLanguage\":\"en-US\",\"potentialAction\":[{\"@type\":\"ReadAction\",\"target\":[\"https:\/\/www.producempresarial.pe\/marzo-2025-reporte-sectorial-inflacion\/\"]}]},{\"@type\":\"ImageObject\",\"inLanguage\":\"en-US\",\"@id\":\"https:\/\/www.producempresarial.pe\/marzo-2025-reporte-sectorial-inflacion\/#primaryimage\",\"url\":\"https:\/\/www.producempresarial.pe\/wp-content\/uploads\/2025\/04\/307-Captura-de-pantalla-2025-04-02-104859.jpg\",\"contentUrl\":\"https:\/\/www.producempresarial.pe\/wp-content\/uploads\/2025\/04\/307-Captura-de-pantalla-2025-04-02-104859.jpg\",\"width\":824,\"height\":473},{\"@type\":\"BreadcrumbList\",\"@id\":\"https:\/\/www.producempresarial.pe\/marzo-2025-reporte-sectorial-inflacion\/#breadcrumb\",\"itemListElement\":[{\"@type\":\"ListItem\",\"position\":1,\"name\":\"Home\",\"item\":\"https:\/\/www.producempresarial.pe\/\"},{\"@type\":\"ListItem\",\"position\":2,\"name\":\"Marzo 2025: Reporte Sectorial Inflaci\u00f3n\"}]},{\"@type\":\"WebSite\",\"@id\":\"https:\/\/www.producempresarial.pe\/#website\",\"url\":\"https:\/\/www.producempresarial.pe\/\",\"name\":\"Observatorio PRODUCEmpresarial\",\"description\":\"Herramienta estrat\u00e9gica que integra y genera peri\u00f3dicamente evidencia y an\u00e1lisis sobre el desempe\u00f1o productivo del sector empresarial, as\u00ed como contribuye en la difusi\u00f3n de informaci\u00f3n y documentos t\u00e9cnicos anal\u00edticos y especializados sobre el desempe\u00f1o de las empresas en el Per\u00fa.\",\"publisher\":{\"@id\":\"https:\/\/www.producempresarial.pe\/#organization\"},\"potentialAction\":[{\"@type\":\"SearchAction\",\"target\":{\"@type\":\"EntryPoint\",\"urlTemplate\":\"https:\/\/www.producempresarial.pe\/?s={search_term_string}\"},\"query-input\":{\"@type\":\"PropertyValueSpecification\",\"valueRequired\":true,\"valueName\":\"search_term_string\"}}],\"inLanguage\":\"en-US\"},{\"@type\":\"Organization\",\"@id\":\"https:\/\/www.producempresarial.pe\/#organization\",\"name\":\"PRDOUCE\",\"url\":\"https:\/\/www.producempresarial.pe\/\",\"logo\":{\"@type\":\"ImageObject\",\"inLanguage\":\"en-US\",\"@id\":\"https:\/\/www.producempresarial.pe\/#\/schema\/logo\/image\/\",\"url\":\"https:\/\/www.producempresarial.pe\/wp-content\/uploads\/2024\/02\/image-logo-share.png\",\"contentUrl\":\"https:\/\/www.producempresarial.pe\/wp-content\/uploads\/2024\/02\/image-logo-share.png\",\"width\":1200,\"height\":628,\"caption\":\"PRDOUCE\"},\"image\":{\"@id\":\"https:\/\/www.producempresarial.pe\/#\/schema\/logo\/image\/\"}},{\"@type\":\"Person\",\"@id\":\"https:\/\/www.producempresarial.pe\/#\/schema\/person\/6e13e1f2f8fc108ce3789cbdb23a5d21\",\"name\":\"admin\",\"sameAs\":[\"https:\/\/www.producempresarial.pe\"],\"url\":\"https:\/\/www.producempresarial.pe\/en\/author\/admin\/\"}]}<\/script>\n<!-- \/ Yoast SEO plugin. -->","yoast_head_json":{"title":"Marzo 2025: Reporte Sectorial Inflaci\u00f3n - Observatorio PRODUCEmpresarial","robots":{"index":"index","follow":"follow","max-snippet":"max-snippet:-1","max-image-preview":"max-image-preview:large","max-video-preview":"max-video-preview:-1"},"canonical":"https:\/\/www.producempresarial.pe\/en\/marzo-2025-reporte-sectorial-inflacion\/","og_locale":"en_US","og_type":"article","og_title":"Marzo 2025: Reporte Sectorial Inflaci\u00f3n - Observatorio PRODUCEmpresarial","og_description":"En Marzo, la inflaci\u00f3n mensual en Lima Metropolitana fue de +0.81%, significando un aumento respecto al mes anterior (+0.19%). El resultado del mes se explica principalmente por el incremento en los precios de la pensi\u00f3n escolar de colegio particular, pollo eviscerado y huevos de gallina. Por otro lado, la disminuci\u00f3n en los precios de la ... Read more","og_url":"https:\/\/www.producempresarial.pe\/en\/marzo-2025-reporte-sectorial-inflacion\/","og_site_name":"Observatorio PRODUCEmpresarial","article_published_time":"2025-04-02T16:01:44+00:00","article_modified_time":"2025-04-02T16:01:46+00:00","og_image":[{"width":824,"height":473,"url":"https:\/\/www.producempresarial.pe\/wp-content\/uploads\/2025\/04\/307-Captura-de-pantalla-2025-04-02-104859.jpg","type":"image\/jpeg"}],"author":"admin","twitter_card":"summary_large_image","twitter_misc":{"Written por":"admin","Est. reading time":"1 minute"},"schema":{"@context":"https:\/\/schema.org","@graph":[{"@type":"Article","@id":"https:\/\/www.producempresarial.pe\/marzo-2025-reporte-sectorial-inflacion\/#article","isPartOf":{"@id":"https:\/\/www.producempresarial.pe\/marzo-2025-reporte-sectorial-inflacion\/"},"author":{"name":"admin","@id":"https:\/\/www.producempresarial.pe\/#\/schema\/person\/6e13e1f2f8fc108ce3789cbdb23a5d21"},"headline":"Marzo 2025: Reporte Sectorial Inflaci\u00f3n","datePublished":"2025-04-02T16:01:44+00:00","dateModified":"2025-04-02T16:01:46+00:00","mainEntityOfPage":{"@id":"https:\/\/www.producempresarial.pe\/marzo-2025-reporte-sectorial-inflacion\/"},"wordCount":83,"publisher":{"@id":"https:\/\/www.producempresarial.pe\/#organization"},"image":{"@id":"https:\/\/www.producempresarial.pe\/marzo-2025-reporte-sectorial-inflacion\/#primaryimage"},"thumbnailUrl":"https:\/\/www.producempresarial.pe\/wp-content\/uploads\/2025\/04\/307-Captura-de-pantalla-2025-04-02-104859.jpg","articleSection":["Comercio Interno","Reportes Coyunturales"],"inLanguage":"en-US"},{"@type":"WebPage","@id":"https:\/\/www.producempresarial.pe\/marzo-2025-reporte-sectorial-inflacion\/","url":"https:\/\/www.producempresarial.pe\/marzo-2025-reporte-sectorial-inflacion\/","name":"Marzo 2025: Reporte Sectorial Inflaci\u00f3n - Observatorio PRODUCEmpresarial","isPartOf":{"@id":"https:\/\/www.producempresarial.pe\/#website"},"primaryImageOfPage":{"@id":"https:\/\/www.producempresarial.pe\/marzo-2025-reporte-sectorial-inflacion\/#primaryimage"},"image":{"@id":"https:\/\/www.producempresarial.pe\/marzo-2025-reporte-sectorial-inflacion\/#primaryimage"},"thumbnailUrl":"https:\/\/www.producempresarial.pe\/wp-content\/uploads\/2025\/04\/307-Captura-de-pantalla-2025-04-02-104859.jpg","datePublished":"2025-04-02T16:01:44+00:00","dateModified":"2025-04-02T16:01:46+00:00","breadcrumb":{"@id":"https:\/\/www.producempresarial.pe\/marzo-2025-reporte-sectorial-inflacion\/#breadcrumb"},"inLanguage":"en-US","potentialAction":[{"@type":"ReadAction","target":["https:\/\/www.producempresarial.pe\/marzo-2025-reporte-sectorial-inflacion\/"]}]},{"@type":"ImageObject","inLanguage":"en-US","@id":"https:\/\/www.producempresarial.pe\/marzo-2025-reporte-sectorial-inflacion\/#primaryimage","url":"https:\/\/www.producempresarial.pe\/wp-content\/uploads\/2025\/04\/307-Captura-de-pantalla-2025-04-02-104859.jpg","contentUrl":"https:\/\/www.producempresarial.pe\/wp-content\/uploads\/2025\/04\/307-Captura-de-pantalla-2025-04-02-104859.jpg","width":824,"height":473},{"@type":"BreadcrumbList","@id":"https:\/\/www.producempresarial.pe\/marzo-2025-reporte-sectorial-inflacion\/#breadcrumb","itemListElement":[{"@type":"ListItem","position":1,"name":"Home","item":"https:\/\/www.producempresarial.pe\/"},{"@type":"ListItem","position":2,"name":"Marzo 2025: Reporte Sectorial Inflaci\u00f3n"}]},{"@type":"WebSite","@id":"https:\/\/www.producempresarial.pe\/#website","url":"https:\/\/www.producempresarial.pe\/","name":"PRODUCEmpresarial Observatory","description":"Herramienta estrat\u00e9gica que integra y genera peri\u00f3dicamente evidencia y an\u00e1lisis sobre el desempe\u00f1o productivo del sector empresarial, as\u00ed como contribuye en la difusi\u00f3n de informaci\u00f3n y documentos t\u00e9cnicos anal\u00edticos y especializados sobre el desempe\u00f1o de las empresas en el Per\u00fa.","publisher":{"@id":"https:\/\/www.producempresarial.pe\/#organization"},"potentialAction":[{"@type":"SearchAction","target":{"@type":"EntryPoint","urlTemplate":"https:\/\/www.producempresarial.pe\/?s={search_term_string}"},"query-input":{"@type":"PropertyValueSpecification","valueRequired":true,"valueName":"search_term_string"}}],"inLanguage":"en-US"},{"@type":"Organization","@id":"https:\/\/www.producempresarial.pe\/#organization","name":"PRDOUCE","url":"https:\/\/www.producempresarial.pe\/","logo":{"@type":"ImageObject","inLanguage":"en-US","@id":"https:\/\/www.producempresarial.pe\/#\/schema\/logo\/image\/","url":"https:\/\/www.producempresarial.pe\/wp-content\/uploads\/2024\/02\/image-logo-share.png","contentUrl":"https:\/\/www.producempresarial.pe\/wp-content\/uploads\/2024\/02\/image-logo-share.png","width":1200,"height":628,"caption":"PRDOUCE"},"image":{"@id":"https:\/\/www.producempresarial.pe\/#\/schema\/logo\/image\/"}},{"@type":"Person","@id":"https:\/\/www.producempresarial.pe\/#\/schema\/person\/6e13e1f2f8fc108ce3789cbdb23a5d21","name":"admin","sameAs":["https:\/\/www.producempresarial.pe"],"url":"https:\/\/www.producempresarial.pe\/en\/author\/admin\/"}]}},"_links":{"self":[{"href":"https:\/\/www.producempresarial.pe\/en\/wp-json\/wp\/v2\/posts\/25259","targetHints":{"allow":["GET"]}}],"collection":[{"href":"https:\/\/www.producempresarial.pe\/en\/wp-json\/wp\/v2\/posts"}],"about":[{"href":"https:\/\/www.producempresarial.pe\/en\/wp-json\/wp\/v2\/types\/post"}],"author":[{"embeddable":true,"href":"https:\/\/www.producempresarial.pe\/en\/wp-json\/wp\/v2\/users\/1"}],"replies":[{"embeddable":true,"href":"https:\/\/www.producempresarial.pe\/en\/wp-json\/wp\/v2\/comments?post=25259"}],"version-history":[{"count":2,"href":"https:\/\/www.producempresarial.pe\/en\/wp-json\/wp\/v2\/posts\/25259\/revisions"}],"predecessor-version":[{"id":25263,"href":"https:\/\/www.producempresarial.pe\/en\/wp-json\/wp\/v2\/posts\/25259\/revisions\/25263"}],"wp:featuredmedia":[{"embeddable":true,"href":"https:\/\/www.producempresarial.pe\/en\/wp-json\/wp\/v2\/media\/25261"}],"wp:attachment":[{"href":"https:\/\/www.producempresarial.pe\/en\/wp-json\/wp\/v2\/media?parent=25259"}],"wp:term":[{"taxonomy":"category","embeddable":true,"href":"https:\/\/www.producempresarial.pe\/en\/wp-json\/wp\/v2\/categories?post=25259"},{"taxonomy":"post_tag","embeddable":true,"href":"https:\/\/www.producempresarial.pe\/en\/wp-json\/wp\/v2\/tags?post=25259"}],"curies":[{"name":"wp","href":"https:\/\/api.w.org\/{rel}","templated":true}]}}