{"id":25647,"date":"2025-05-06T16:47:37","date_gmt":"2025-05-06T21:47:37","guid":{"rendered":"https:\/\/www.producempresarial.pe\/?p=25647"},"modified":"2025-05-06T16:47:39","modified_gmt":"2025-05-06T21:47:39","slug":"abril-2025-reporte-sectorial-inflacion","status":"publish","type":"post","link":"https:\/\/www.producempresarial.pe\/en\/abril-2025-reporte-sectorial-inflacion\/","title":{"rendered":"April 2025: Sectoral Inflation Report"},"content":{"rendered":"<p>The monthly inflation rate increased by +0.32%, marking a decline compared to March 2025 (+0.81%). Among the results for the month, the Food and Non-Alcoholic Beverages sector (+0.94%) had the greatest impact on inflation, due to price increases in fish and seafood, meats (dressed chicken), milk, cheese, eggs, vegetables, legumes, and tubers. Additionally, the rise was also influenced by higher prices in the Restaurants and Hotels category, explained by increased costs for food and beverage services in restaurants and similar establishments.<\/p>\n\n\n\n<div data-wp-interactive=\"core\/file\" class=\"wp-block-file\"><object data-wp-bind--hidden=\"!state.hasPdfPreview\" hidden class=\"wp-block-file__embed\" data=\"https:\/\/www.producempresarial.pe\/wp-content\/uploads\/2025\/05\/348-PPT-Inflacion-y-Alimentos-Abril-2025-_06.05.2025_revf.pdf\" type=\"application\/pdf\" style=\"width:100%;height:600px\" aria-label=\"Embed of 348-PPT-Inflacion-y-Alimentos-Abril-2025-_06.05.2025_revf.\"><\/object><a id=\"wp-block-file--media-e5f159d1-1046-4fff-8801-e4ac3b9703d2\" href=\"https:\/\/www.producempresarial.pe\/wp-content\/uploads\/2025\/05\/348-PPT-Inflacion-y-Alimentos-Abril-2025-_06.05.2025_revf.pdf\">348-PPT-Inflacion-y-Alimentos-Abril-2025-_06.05.2025_revf<\/a><a href=\"https:\/\/www.producempresarial.pe\/wp-content\/uploads\/2025\/05\/348-PPT-Inflacion-y-Alimentos-Abril-2025-_06.05.2025_revf.pdf\" class=\"wp-block-file__button wp-element-button\" download aria-describedby=\"wp-block-file--media-e5f159d1-1046-4fff-8801-e4ac3b9703d2\">Download PDF<\/a><\/div>","protected":false},"excerpt":{"rendered":"<p>La tasa de inflaci\u00f3n mensual aument\u00f3 en +0.32%, marcando una reducci\u00f3n respecto a lo observado en marzo de 2025 (+0.81%). En los resultados del mes, el sector de Alimentos y Bebidas no Alcoh\u00f3licas (+0.94%) fue el que tuvo mayor impacto en la inflaci\u00f3n, debido al aumento en los precios de pescados y mariscos, carnes (pollo &#8230; <a title=\"April 2025: Sectoral Inflation Report\" class=\"read-more\" href=\"https:\/\/www.producempresarial.pe\/en\/abril-2025-reporte-sectorial-inflacion\/\" aria-label=\"Read more about Abril 2025: Reporte Sectorial Inflaci\u00f3n\">Read more<\/a><\/p>","protected":false},"author":1,"featured_media":25649,"comment_status":"closed","ping_status":"open","sticky":false,"template":"","format":"standard","meta":{"_acf_changed":false,"footnotes":""},"categories":[274,271],"tags":[],"class_list":["post-25647","post","type-post","status-publish","format-standard","has-post-thumbnail","hentry","category-comercio-interno-om","category-comercio-interno-reportes"],"acf":[],"yoast_head":"<!-- This site is optimized with the Yoast SEO plugin v27.1.1 - https:\/\/yoast.com\/product\/yoast-seo-wordpress\/ -->\n<title>Abril 2025: Reporte Sectorial Inflaci\u00f3n - Observatorio PRODUCEmpresarial<\/title>\n<meta name=\"robots\" content=\"index, follow, max-snippet:-1, max-image-preview:large, max-video-preview:-1\" \/>\n<link rel=\"canonical\" href=\"https:\/\/www.producempresarial.pe\/en\/abril-2025-reporte-sectorial-inflacion\/\" \/>\n<meta property=\"og:locale\" content=\"en_US\" \/>\n<meta property=\"og:type\" content=\"article\" \/>\n<meta property=\"og:title\" content=\"Abril 2025: Reporte Sectorial Inflaci\u00f3n - Observatorio PRODUCEmpresarial\" \/>\n<meta property=\"og:description\" content=\"La tasa de inflaci\u00f3n mensual aument\u00f3 en +0.32%, marcando una reducci\u00f3n respecto a lo observado en marzo de 2025 (+0.81%). En los resultados del mes, el sector de Alimentos y Bebidas no Alcoh\u00f3licas (+0.94%) fue el que tuvo mayor impacto en la inflaci\u00f3n, debido al aumento en los precios de pescados y mariscos, carnes (pollo ... Read more\" \/>\n<meta property=\"og:url\" content=\"https:\/\/www.producempresarial.pe\/en\/abril-2025-reporte-sectorial-inflacion\/\" \/>\n<meta property=\"og:site_name\" content=\"Observatorio PRODUCEmpresarial\" \/>\n<meta property=\"article:published_time\" content=\"2025-05-06T21:47:37+00:00\" \/>\n<meta property=\"article:modified_time\" content=\"2025-05-06T21:47:39+00:00\" \/>\n<meta property=\"og:image\" content=\"https:\/\/www.producempresarial.pe\/wp-content\/uploads\/2025\/05\/349-Captura-de-pantalla-2025-05-06-163901.jpg\" \/>\n\t<meta property=\"og:image:width\" content=\"903\" \/>\n\t<meta property=\"og:image:height\" content=\"510\" \/>\n\t<meta property=\"og:image:type\" content=\"image\/jpeg\" \/>\n<meta name=\"author\" content=\"admin\" \/>\n<meta name=\"twitter:card\" content=\"summary_large_image\" \/>\n<meta name=\"twitter:label1\" content=\"Written por\" \/>\n\t<meta name=\"twitter:data1\" content=\"admin\" \/>\n\t<meta name=\"twitter:label2\" content=\"Est. reading time\" \/>\n\t<meta name=\"twitter:data2\" content=\"1 minute\" \/>\n<script type=\"application\/ld+json\" class=\"yoast-schema-graph\">{\"@context\":\"https:\/\/schema.org\",\"@graph\":[{\"@type\":\"Article\",\"@id\":\"https:\/\/www.producempresarial.pe\/abril-2025-reporte-sectorial-inflacion\/#article\",\"isPartOf\":{\"@id\":\"https:\/\/www.producempresarial.pe\/abril-2025-reporte-sectorial-inflacion\/\"},\"author\":{\"name\":\"admin\",\"@id\":\"https:\/\/www.producempresarial.pe\/#\/schema\/person\/6e13e1f2f8fc108ce3789cbdb23a5d21\"},\"headline\":\"Abril 2025: Reporte Sectorial Inflaci\u00f3n\",\"datePublished\":\"2025-05-06T21:47:37+00:00\",\"dateModified\":\"2025-05-06T21:47:39+00:00\",\"mainEntityOfPage\":{\"@id\":\"https:\/\/www.producempresarial.pe\/abril-2025-reporte-sectorial-inflacion\/\"},\"wordCount\":111,\"publisher\":{\"@id\":\"https:\/\/www.producempresarial.pe\/#organization\"},\"image\":{\"@id\":\"https:\/\/www.producempresarial.pe\/abril-2025-reporte-sectorial-inflacion\/#primaryimage\"},\"thumbnailUrl\":\"https:\/\/www.producempresarial.pe\/wp-content\/uploads\/2025\/05\/349-Captura-de-pantalla-2025-05-06-163901.jpg\",\"articleSection\":[\"Comercio Interno\",\"Reportes Coyunturales\"],\"inLanguage\":\"en-US\"},{\"@type\":\"WebPage\",\"@id\":\"https:\/\/www.producempresarial.pe\/abril-2025-reporte-sectorial-inflacion\/\",\"url\":\"https:\/\/www.producempresarial.pe\/abril-2025-reporte-sectorial-inflacion\/\",\"name\":\"Abril 2025: Reporte Sectorial Inflaci\u00f3n - Observatorio PRODUCEmpresarial\",\"isPartOf\":{\"@id\":\"https:\/\/www.producempresarial.pe\/#website\"},\"primaryImageOfPage\":{\"@id\":\"https:\/\/www.producempresarial.pe\/abril-2025-reporte-sectorial-inflacion\/#primaryimage\"},\"image\":{\"@id\":\"https:\/\/www.producempresarial.pe\/abril-2025-reporte-sectorial-inflacion\/#primaryimage\"},\"thumbnailUrl\":\"https:\/\/www.producempresarial.pe\/wp-content\/uploads\/2025\/05\/349-Captura-de-pantalla-2025-05-06-163901.jpg\",\"datePublished\":\"2025-05-06T21:47:37+00:00\",\"dateModified\":\"2025-05-06T21:47:39+00:00\",\"breadcrumb\":{\"@id\":\"https:\/\/www.producempresarial.pe\/abril-2025-reporte-sectorial-inflacion\/#breadcrumb\"},\"inLanguage\":\"en-US\",\"potentialAction\":[{\"@type\":\"ReadAction\",\"target\":[\"https:\/\/www.producempresarial.pe\/abril-2025-reporte-sectorial-inflacion\/\"]}]},{\"@type\":\"ImageObject\",\"inLanguage\":\"en-US\",\"@id\":\"https:\/\/www.producempresarial.pe\/abril-2025-reporte-sectorial-inflacion\/#primaryimage\",\"url\":\"https:\/\/www.producempresarial.pe\/wp-content\/uploads\/2025\/05\/349-Captura-de-pantalla-2025-05-06-163901.jpg\",\"contentUrl\":\"https:\/\/www.producempresarial.pe\/wp-content\/uploads\/2025\/05\/349-Captura-de-pantalla-2025-05-06-163901.jpg\",\"width\":903,\"height\":510},{\"@type\":\"BreadcrumbList\",\"@id\":\"https:\/\/www.producempresarial.pe\/abril-2025-reporte-sectorial-inflacion\/#breadcrumb\",\"itemListElement\":[{\"@type\":\"ListItem\",\"position\":1,\"name\":\"Home\",\"item\":\"https:\/\/www.producempresarial.pe\/\"},{\"@type\":\"ListItem\",\"position\":2,\"name\":\"Abril 2025: Reporte Sectorial Inflaci\u00f3n\"}]},{\"@type\":\"WebSite\",\"@id\":\"https:\/\/www.producempresarial.pe\/#website\",\"url\":\"https:\/\/www.producempresarial.pe\/\",\"name\":\"Observatorio PRODUCEmpresarial\",\"description\":\"Herramienta estrat\u00e9gica que integra y genera peri\u00f3dicamente evidencia y an\u00e1lisis sobre el desempe\u00f1o productivo del sector empresarial, as\u00ed como contribuye en la difusi\u00f3n de informaci\u00f3n y documentos t\u00e9cnicos anal\u00edticos y especializados sobre el desempe\u00f1o de las empresas en el Per\u00fa.\",\"publisher\":{\"@id\":\"https:\/\/www.producempresarial.pe\/#organization\"},\"potentialAction\":[{\"@type\":\"SearchAction\",\"target\":{\"@type\":\"EntryPoint\",\"urlTemplate\":\"https:\/\/www.producempresarial.pe\/?s={search_term_string}\"},\"query-input\":{\"@type\":\"PropertyValueSpecification\",\"valueRequired\":true,\"valueName\":\"search_term_string\"}}],\"inLanguage\":\"en-US\"},{\"@type\":\"Organization\",\"@id\":\"https:\/\/www.producempresarial.pe\/#organization\",\"name\":\"PRDOUCE\",\"url\":\"https:\/\/www.producempresarial.pe\/\",\"logo\":{\"@type\":\"ImageObject\",\"inLanguage\":\"en-US\",\"@id\":\"https:\/\/www.producempresarial.pe\/#\/schema\/logo\/image\/\",\"url\":\"https:\/\/www.producempresarial.pe\/wp-content\/uploads\/2024\/02\/image-logo-share.png\",\"contentUrl\":\"https:\/\/www.producempresarial.pe\/wp-content\/uploads\/2024\/02\/image-logo-share.png\",\"width\":1200,\"height\":628,\"caption\":\"PRDOUCE\"},\"image\":{\"@id\":\"https:\/\/www.producempresarial.pe\/#\/schema\/logo\/image\/\"}},{\"@type\":\"Person\",\"@id\":\"https:\/\/www.producempresarial.pe\/#\/schema\/person\/6e13e1f2f8fc108ce3789cbdb23a5d21\",\"name\":\"admin\",\"sameAs\":[\"https:\/\/www.producempresarial.pe\"],\"url\":\"https:\/\/www.producempresarial.pe\/en\/author\/admin\/\"}]}<\/script>\n<!-- \/ Yoast SEO plugin. -->","yoast_head_json":{"title":"Abril 2025: Reporte Sectorial Inflaci\u00f3n - Observatorio PRODUCEmpresarial","robots":{"index":"index","follow":"follow","max-snippet":"max-snippet:-1","max-image-preview":"max-image-preview:large","max-video-preview":"max-video-preview:-1"},"canonical":"https:\/\/www.producempresarial.pe\/en\/abril-2025-reporte-sectorial-inflacion\/","og_locale":"en_US","og_type":"article","og_title":"Abril 2025: Reporte Sectorial Inflaci\u00f3n - Observatorio PRODUCEmpresarial","og_description":"La tasa de inflaci\u00f3n mensual aument\u00f3 en +0.32%, marcando una reducci\u00f3n respecto a lo observado en marzo de 2025 (+0.81%). En los resultados del mes, el sector de Alimentos y Bebidas no Alcoh\u00f3licas (+0.94%) fue el que tuvo mayor impacto en la inflaci\u00f3n, debido al aumento en los precios de pescados y mariscos, carnes (pollo ... Read more","og_url":"https:\/\/www.producempresarial.pe\/en\/abril-2025-reporte-sectorial-inflacion\/","og_site_name":"Observatorio PRODUCEmpresarial","article_published_time":"2025-05-06T21:47:37+00:00","article_modified_time":"2025-05-06T21:47:39+00:00","og_image":[{"width":903,"height":510,"url":"https:\/\/www.producempresarial.pe\/wp-content\/uploads\/2025\/05\/349-Captura-de-pantalla-2025-05-06-163901.jpg","type":"image\/jpeg"}],"author":"admin","twitter_card":"summary_large_image","twitter_misc":{"Written por":"admin","Est. reading time":"1 minute"},"schema":{"@context":"https:\/\/schema.org","@graph":[{"@type":"Article","@id":"https:\/\/www.producempresarial.pe\/abril-2025-reporte-sectorial-inflacion\/#article","isPartOf":{"@id":"https:\/\/www.producempresarial.pe\/abril-2025-reporte-sectorial-inflacion\/"},"author":{"name":"admin","@id":"https:\/\/www.producempresarial.pe\/#\/schema\/person\/6e13e1f2f8fc108ce3789cbdb23a5d21"},"headline":"Abril 2025: Reporte Sectorial Inflaci\u00f3n","datePublished":"2025-05-06T21:47:37+00:00","dateModified":"2025-05-06T21:47:39+00:00","mainEntityOfPage":{"@id":"https:\/\/www.producempresarial.pe\/abril-2025-reporte-sectorial-inflacion\/"},"wordCount":111,"publisher":{"@id":"https:\/\/www.producempresarial.pe\/#organization"},"image":{"@id":"https:\/\/www.producempresarial.pe\/abril-2025-reporte-sectorial-inflacion\/#primaryimage"},"thumbnailUrl":"https:\/\/www.producempresarial.pe\/wp-content\/uploads\/2025\/05\/349-Captura-de-pantalla-2025-05-06-163901.jpg","articleSection":["Comercio Interno","Reportes Coyunturales"],"inLanguage":"en-US"},{"@type":"WebPage","@id":"https:\/\/www.producempresarial.pe\/abril-2025-reporte-sectorial-inflacion\/","url":"https:\/\/www.producempresarial.pe\/abril-2025-reporte-sectorial-inflacion\/","name":"Abril 2025: Reporte Sectorial Inflaci\u00f3n - Observatorio PRODUCEmpresarial","isPartOf":{"@id":"https:\/\/www.producempresarial.pe\/#website"},"primaryImageOfPage":{"@id":"https:\/\/www.producempresarial.pe\/abril-2025-reporte-sectorial-inflacion\/#primaryimage"},"image":{"@id":"https:\/\/www.producempresarial.pe\/abril-2025-reporte-sectorial-inflacion\/#primaryimage"},"thumbnailUrl":"https:\/\/www.producempresarial.pe\/wp-content\/uploads\/2025\/05\/349-Captura-de-pantalla-2025-05-06-163901.jpg","datePublished":"2025-05-06T21:47:37+00:00","dateModified":"2025-05-06T21:47:39+00:00","breadcrumb":{"@id":"https:\/\/www.producempresarial.pe\/abril-2025-reporte-sectorial-inflacion\/#breadcrumb"},"inLanguage":"en-US","potentialAction":[{"@type":"ReadAction","target":["https:\/\/www.producempresarial.pe\/abril-2025-reporte-sectorial-inflacion\/"]}]},{"@type":"ImageObject","inLanguage":"en-US","@id":"https:\/\/www.producempresarial.pe\/abril-2025-reporte-sectorial-inflacion\/#primaryimage","url":"https:\/\/www.producempresarial.pe\/wp-content\/uploads\/2025\/05\/349-Captura-de-pantalla-2025-05-06-163901.jpg","contentUrl":"https:\/\/www.producempresarial.pe\/wp-content\/uploads\/2025\/05\/349-Captura-de-pantalla-2025-05-06-163901.jpg","width":903,"height":510},{"@type":"BreadcrumbList","@id":"https:\/\/www.producempresarial.pe\/abril-2025-reporte-sectorial-inflacion\/#breadcrumb","itemListElement":[{"@type":"ListItem","position":1,"name":"Home","item":"https:\/\/www.producempresarial.pe\/"},{"@type":"ListItem","position":2,"name":"Abril 2025: Reporte Sectorial Inflaci\u00f3n"}]},{"@type":"WebSite","@id":"https:\/\/www.producempresarial.pe\/#website","url":"https:\/\/www.producempresarial.pe\/","name":"PRODUCEmpresarial Observatory","description":"Herramienta estrat\u00e9gica que integra y genera peri\u00f3dicamente evidencia y an\u00e1lisis sobre el desempe\u00f1o productivo del sector empresarial, as\u00ed como contribuye en la difusi\u00f3n de informaci\u00f3n y documentos t\u00e9cnicos anal\u00edticos y especializados sobre el desempe\u00f1o de las empresas en el Per\u00fa.","publisher":{"@id":"https:\/\/www.producempresarial.pe\/#organization"},"potentialAction":[{"@type":"SearchAction","target":{"@type":"EntryPoint","urlTemplate":"https:\/\/www.producempresarial.pe\/?s={search_term_string}"},"query-input":{"@type":"PropertyValueSpecification","valueRequired":true,"valueName":"search_term_string"}}],"inLanguage":"en-US"},{"@type":"Organization","@id":"https:\/\/www.producempresarial.pe\/#organization","name":"PRDOUCE","url":"https:\/\/www.producempresarial.pe\/","logo":{"@type":"ImageObject","inLanguage":"en-US","@id":"https:\/\/www.producempresarial.pe\/#\/schema\/logo\/image\/","url":"https:\/\/www.producempresarial.pe\/wp-content\/uploads\/2024\/02\/image-logo-share.png","contentUrl":"https:\/\/www.producempresarial.pe\/wp-content\/uploads\/2024\/02\/image-logo-share.png","width":1200,"height":628,"caption":"PRDOUCE"},"image":{"@id":"https:\/\/www.producempresarial.pe\/#\/schema\/logo\/image\/"}},{"@type":"Person","@id":"https:\/\/www.producempresarial.pe\/#\/schema\/person\/6e13e1f2f8fc108ce3789cbdb23a5d21","name":"admin","sameAs":["https:\/\/www.producempresarial.pe"],"url":"https:\/\/www.producempresarial.pe\/en\/author\/admin\/"}]}},"_links":{"self":[{"href":"https:\/\/www.producempresarial.pe\/en\/wp-json\/wp\/v2\/posts\/25647","targetHints":{"allow":["GET"]}}],"collection":[{"href":"https:\/\/www.producempresarial.pe\/en\/wp-json\/wp\/v2\/posts"}],"about":[{"href":"https:\/\/www.producempresarial.pe\/en\/wp-json\/wp\/v2\/types\/post"}],"author":[{"embeddable":true,"href":"https:\/\/www.producempresarial.pe\/en\/wp-json\/wp\/v2\/users\/1"}],"replies":[{"embeddable":true,"href":"https:\/\/www.producempresarial.pe\/en\/wp-json\/wp\/v2\/comments?post=25647"}],"version-history":[{"count":2,"href":"https:\/\/www.producempresarial.pe\/en\/wp-json\/wp\/v2\/posts\/25647\/revisions"}],"predecessor-version":[{"id":25651,"href":"https:\/\/www.producempresarial.pe\/en\/wp-json\/wp\/v2\/posts\/25647\/revisions\/25651"}],"wp:featuredmedia":[{"embeddable":true,"href":"https:\/\/www.producempresarial.pe\/en\/wp-json\/wp\/v2\/media\/25649"}],"wp:attachment":[{"href":"https:\/\/www.producempresarial.pe\/en\/wp-json\/wp\/v2\/media?parent=25647"}],"wp:term":[{"taxonomy":"category","embeddable":true,"href":"https:\/\/www.producempresarial.pe\/en\/wp-json\/wp\/v2\/categories?post=25647"},{"taxonomy":"post_tag","embeddable":true,"href":"https:\/\/www.producempresarial.pe\/en\/wp-json\/wp\/v2\/tags?post=25647"}],"curies":[{"name":"wp","href":"https:\/\/api.w.org\/{rel}","templated":true}]}}