{"id":25707,"date":"2025-05-09T12:43:36","date_gmt":"2025-05-09T17:43:36","guid":{"rendered":"https:\/\/www.producempresarial.pe\/?p=25707"},"modified":"2025-05-09T12:43:38","modified_gmt":"2025-05-09T17:43:38","slug":"desempeno-economico-de-las-mype-2024","status":"publish","type":"post","link":"https:\/\/www.producempresarial.pe\/en\/desempeno-economico-de-las-mype-2024\/","title":{"rendered":"Economic Performance of MSMEs 2024"},"content":{"rendered":"<p>In 2024, the number of formal MSMEs reached 2,326,126, representing 99.1% of the business sector. Additionally, 63.2% of formal MSMEs were concentrated in Lima, Arequipa, La Libertad, Cusco, and Piura. In contrast, the regions with the lowest number of formal MSMEs were Tumbes, Pasco, and Huancavelica, each with fewer than 16,000 MSMEs.<\/p>\n\n\n\n<div data-wp-interactive=\"core\/file\" class=\"wp-block-file\"><object data-wp-bind--hidden=\"!state.hasPdfPreview\" hidden class=\"wp-block-file__embed\" data=\"https:\/\/www.producempresarial.pe\/wp-content\/uploads\/2025\/05\/355-PPT_Indicadores-de-Desempeno-MYPE-2024_08.05.2025_rev.pdf\" type=\"application\/pdf\" style=\"width:100%;height:600px\" aria-label=\"Embed of 355-PPT_Indicadores-de-Desempeno-MYPE-2024_08.05.2025_rev.\"><\/object><a id=\"wp-block-file--media-ec40ade2-5267-4a7f-8340-9f0b88317eaf\" href=\"https:\/\/www.producempresarial.pe\/wp-content\/uploads\/2025\/05\/355-PPT_Indicadores-de-Desempeno-MYPE-2024_08.05.2025_rev.pdf\">355-PPT_Indicadores-de-Desempeno-MYPE-2024_08.05.2025_rev<\/a><a href=\"https:\/\/www.producempresarial.pe\/wp-content\/uploads\/2025\/05\/355-PPT_Indicadores-de-Desempeno-MYPE-2024_08.05.2025_rev.pdf\" class=\"wp-block-file__button wp-element-button\" download aria-describedby=\"wp-block-file--media-ec40ade2-5267-4a7f-8340-9f0b88317eaf\">Download PDF<\/a><\/div>","protected":false},"excerpt":{"rendered":"<p>En 2024, el n\u00famero de MYPE formales alcanz\u00f3 los 2\u2019326,126, representando el 99.1% del tejido empresarial. Asimismo, el 63.2% de las MYPE formales se concentraron en Lima, Arequipa, La Libertad, Cusco y Piura. En contraste, las regiones con menor n\u00famero de MYPE formales son Tumbes, Pasco y Huancavelica, con menos de 16 mil MYPE cada &#8230; <a title=\"Economic Performance of MSMEs 2024\" class=\"read-more\" href=\"https:\/\/www.producempresarial.pe\/en\/desempeno-economico-de-las-mype-2024\/\" aria-label=\"Read more about Desempe\u00f1o econ\u00f3mico de las MYPE 2024\">Read more<\/a><\/p>","protected":false},"author":1,"featured_media":25709,"comment_status":"closed","ping_status":"open","sticky":false,"template":"","format":"standard","meta":{"_acf_changed":false,"footnotes":""},"categories":[221,213,220,207],"tags":[],"class_list":["post-25707","post","type-post","status-publish","format-standard","has-post-thumbnail","hentry","category-publicaciones-articulos","category-empresas-om","category-publicaciones-om","category-tejido-empresarial-om"],"acf":[],"yoast_head":"<!-- This site is optimized with the Yoast SEO plugin v27.1.1 - https:\/\/yoast.com\/product\/yoast-seo-wordpress\/ -->\n<title>Desempe\u00f1o econ\u00f3mico de las MYPE 2024 - Observatorio PRODUCEmpresarial<\/title>\n<meta name=\"robots\" content=\"index, follow, max-snippet:-1, max-image-preview:large, max-video-preview:-1\" \/>\n<link rel=\"canonical\" href=\"https:\/\/www.producempresarial.pe\/en\/desempeno-economico-de-las-mype-2024\/\" \/>\n<meta property=\"og:locale\" content=\"en_US\" \/>\n<meta property=\"og:type\" content=\"article\" \/>\n<meta property=\"og:title\" content=\"Desempe\u00f1o econ\u00f3mico de las MYPE 2024 - Observatorio PRODUCEmpresarial\" \/>\n<meta property=\"og:description\" content=\"En 2024, el n\u00famero de MYPE formales alcanz\u00f3 los 2\u2019326,126, representando el 99.1% del tejido empresarial. Asimismo, el 63.2% de las MYPE formales se concentraron en Lima, Arequipa, La Libertad, Cusco y Piura. En contraste, las regiones con menor n\u00famero de MYPE formales son Tumbes, Pasco y Huancavelica, con menos de 16 mil MYPE cada ... Read more\" \/>\n<meta property=\"og:url\" content=\"https:\/\/www.producempresarial.pe\/en\/desempeno-economico-de-las-mype-2024\/\" \/>\n<meta property=\"og:site_name\" content=\"Observatorio PRODUCEmpresarial\" \/>\n<meta property=\"article:published_time\" content=\"2025-05-09T17:43:36+00:00\" \/>\n<meta property=\"article:modified_time\" content=\"2025-05-09T17:43:38+00:00\" \/>\n<meta property=\"og:image\" content=\"https:\/\/www.producempresarial.pe\/wp-content\/uploads\/2025\/05\/355-Captura-de-pantalla-2025-05-09-123719.jpg\" \/>\n\t<meta property=\"og:image:width\" content=\"675\" \/>\n\t<meta property=\"og:image:height\" content=\"384\" \/>\n\t<meta property=\"og:image:type\" content=\"image\/jpeg\" \/>\n<meta name=\"author\" content=\"admin\" \/>\n<meta name=\"twitter:card\" content=\"summary_large_image\" \/>\n<meta name=\"twitter:label1\" content=\"Written por\" \/>\n\t<meta name=\"twitter:data1\" content=\"admin\" \/>\n\t<meta name=\"twitter:label2\" content=\"Est. reading time\" \/>\n\t<meta name=\"twitter:data2\" content=\"1 minute\" \/>\n<script type=\"application\/ld+json\" class=\"yoast-schema-graph\">{\"@context\":\"https:\/\/schema.org\",\"@graph\":[{\"@type\":\"Article\",\"@id\":\"https:\/\/www.producempresarial.pe\/desempeno-economico-de-las-mype-2024\/#article\",\"isPartOf\":{\"@id\":\"https:\/\/www.producempresarial.pe\/desempeno-economico-de-las-mype-2024\/\"},\"author\":{\"name\":\"admin\",\"@id\":\"https:\/\/www.producempresarial.pe\/#\/schema\/person\/6e13e1f2f8fc108ce3789cbdb23a5d21\"},\"headline\":\"Desempe\u00f1o econ\u00f3mico de las MYPE 2024\",\"datePublished\":\"2025-05-09T17:43:36+00:00\",\"dateModified\":\"2025-05-09T17:43:38+00:00\",\"mainEntityOfPage\":{\"@id\":\"https:\/\/www.producempresarial.pe\/desempeno-economico-de-las-mype-2024\/\"},\"wordCount\":66,\"publisher\":{\"@id\":\"https:\/\/www.producempresarial.pe\/#organization\"},\"image\":{\"@id\":\"https:\/\/www.producempresarial.pe\/desempeno-economico-de-las-mype-2024\/#primaryimage\"},\"thumbnailUrl\":\"https:\/\/www.producempresarial.pe\/wp-content\/uploads\/2025\/05\/355-Captura-de-pantalla-2025-05-09-123719.jpg\",\"articleSection\":[\"Art\u00edculos de Inter\u00e9s\",\"Empresas en n\u00fameros\",\"Publicaciones\",\"Tejido Empresarial\"],\"inLanguage\":\"en-US\"},{\"@type\":\"WebPage\",\"@id\":\"https:\/\/www.producempresarial.pe\/desempeno-economico-de-las-mype-2024\/\",\"url\":\"https:\/\/www.producempresarial.pe\/desempeno-economico-de-las-mype-2024\/\",\"name\":\"Desempe\u00f1o econ\u00f3mico de las MYPE 2024 - Observatorio PRODUCEmpresarial\",\"isPartOf\":{\"@id\":\"https:\/\/www.producempresarial.pe\/#website\"},\"primaryImageOfPage\":{\"@id\":\"https:\/\/www.producempresarial.pe\/desempeno-economico-de-las-mype-2024\/#primaryimage\"},\"image\":{\"@id\":\"https:\/\/www.producempresarial.pe\/desempeno-economico-de-las-mype-2024\/#primaryimage\"},\"thumbnailUrl\":\"https:\/\/www.producempresarial.pe\/wp-content\/uploads\/2025\/05\/355-Captura-de-pantalla-2025-05-09-123719.jpg\",\"datePublished\":\"2025-05-09T17:43:36+00:00\",\"dateModified\":\"2025-05-09T17:43:38+00:00\",\"breadcrumb\":{\"@id\":\"https:\/\/www.producempresarial.pe\/desempeno-economico-de-las-mype-2024\/#breadcrumb\"},\"inLanguage\":\"en-US\",\"potentialAction\":[{\"@type\":\"ReadAction\",\"target\":[\"https:\/\/www.producempresarial.pe\/desempeno-economico-de-las-mype-2024\/\"]}]},{\"@type\":\"ImageObject\",\"inLanguage\":\"en-US\",\"@id\":\"https:\/\/www.producempresarial.pe\/desempeno-economico-de-las-mype-2024\/#primaryimage\",\"url\":\"https:\/\/www.producempresarial.pe\/wp-content\/uploads\/2025\/05\/355-Captura-de-pantalla-2025-05-09-123719.jpg\",\"contentUrl\":\"https:\/\/www.producempresarial.pe\/wp-content\/uploads\/2025\/05\/355-Captura-de-pantalla-2025-05-09-123719.jpg\",\"width\":675,\"height\":384},{\"@type\":\"BreadcrumbList\",\"@id\":\"https:\/\/www.producempresarial.pe\/desempeno-economico-de-las-mype-2024\/#breadcrumb\",\"itemListElement\":[{\"@type\":\"ListItem\",\"position\":1,\"name\":\"Home\",\"item\":\"https:\/\/www.producempresarial.pe\/\"},{\"@type\":\"ListItem\",\"position\":2,\"name\":\"Desempe\u00f1o econ\u00f3mico de las MYPE 2024\"}]},{\"@type\":\"WebSite\",\"@id\":\"https:\/\/www.producempresarial.pe\/#website\",\"url\":\"https:\/\/www.producempresarial.pe\/\",\"name\":\"Observatorio PRODUCEmpresarial\",\"description\":\"Herramienta estrat\u00e9gica que integra y genera peri\u00f3dicamente evidencia y an\u00e1lisis sobre el desempe\u00f1o productivo del sector empresarial, as\u00ed como contribuye en la difusi\u00f3n de informaci\u00f3n y documentos t\u00e9cnicos anal\u00edticos y especializados sobre el desempe\u00f1o de las empresas en el Per\u00fa.\",\"publisher\":{\"@id\":\"https:\/\/www.producempresarial.pe\/#organization\"},\"potentialAction\":[{\"@type\":\"SearchAction\",\"target\":{\"@type\":\"EntryPoint\",\"urlTemplate\":\"https:\/\/www.producempresarial.pe\/?s={search_term_string}\"},\"query-input\":{\"@type\":\"PropertyValueSpecification\",\"valueRequired\":true,\"valueName\":\"search_term_string\"}}],\"inLanguage\":\"en-US\"},{\"@type\":\"Organization\",\"@id\":\"https:\/\/www.producempresarial.pe\/#organization\",\"name\":\"PRDOUCE\",\"url\":\"https:\/\/www.producempresarial.pe\/\",\"logo\":{\"@type\":\"ImageObject\",\"inLanguage\":\"en-US\",\"@id\":\"https:\/\/www.producempresarial.pe\/#\/schema\/logo\/image\/\",\"url\":\"https:\/\/www.producempresarial.pe\/wp-content\/uploads\/2024\/02\/image-logo-share.png\",\"contentUrl\":\"https:\/\/www.producempresarial.pe\/wp-content\/uploads\/2024\/02\/image-logo-share.png\",\"width\":1200,\"height\":628,\"caption\":\"PRDOUCE\"},\"image\":{\"@id\":\"https:\/\/www.producempresarial.pe\/#\/schema\/logo\/image\/\"}},{\"@type\":\"Person\",\"@id\":\"https:\/\/www.producempresarial.pe\/#\/schema\/person\/6e13e1f2f8fc108ce3789cbdb23a5d21\",\"name\":\"admin\",\"sameAs\":[\"https:\/\/www.producempresarial.pe\"],\"url\":\"https:\/\/www.producempresarial.pe\/en\/author\/admin\/\"}]}<\/script>\n<!-- \/ Yoast SEO plugin. -->","yoast_head_json":{"title":"Desempe\u00f1o econ\u00f3mico de las MYPE 2024 - Observatorio PRODUCEmpresarial","robots":{"index":"index","follow":"follow","max-snippet":"max-snippet:-1","max-image-preview":"max-image-preview:large","max-video-preview":"max-video-preview:-1"},"canonical":"https:\/\/www.producempresarial.pe\/en\/desempeno-economico-de-las-mype-2024\/","og_locale":"en_US","og_type":"article","og_title":"Desempe\u00f1o econ\u00f3mico de las MYPE 2024 - Observatorio PRODUCEmpresarial","og_description":"En 2024, el n\u00famero de MYPE formales alcanz\u00f3 los 2\u2019326,126, representando el 99.1% del tejido empresarial. Asimismo, el 63.2% de las MYPE formales se concentraron en Lima, Arequipa, La Libertad, Cusco y Piura. En contraste, las regiones con menor n\u00famero de MYPE formales son Tumbes, Pasco y Huancavelica, con menos de 16 mil MYPE cada ... Read more","og_url":"https:\/\/www.producempresarial.pe\/en\/desempeno-economico-de-las-mype-2024\/","og_site_name":"Observatorio PRODUCEmpresarial","article_published_time":"2025-05-09T17:43:36+00:00","article_modified_time":"2025-05-09T17:43:38+00:00","og_image":[{"width":675,"height":384,"url":"https:\/\/www.producempresarial.pe\/wp-content\/uploads\/2025\/05\/355-Captura-de-pantalla-2025-05-09-123719.jpg","type":"image\/jpeg"}],"author":"admin","twitter_card":"summary_large_image","twitter_misc":{"Written por":"admin","Est. reading time":"1 minute"},"schema":{"@context":"https:\/\/schema.org","@graph":[{"@type":"Article","@id":"https:\/\/www.producempresarial.pe\/desempeno-economico-de-las-mype-2024\/#article","isPartOf":{"@id":"https:\/\/www.producempresarial.pe\/desempeno-economico-de-las-mype-2024\/"},"author":{"name":"admin","@id":"https:\/\/www.producempresarial.pe\/#\/schema\/person\/6e13e1f2f8fc108ce3789cbdb23a5d21"},"headline":"Desempe\u00f1o econ\u00f3mico de las MYPE 2024","datePublished":"2025-05-09T17:43:36+00:00","dateModified":"2025-05-09T17:43:38+00:00","mainEntityOfPage":{"@id":"https:\/\/www.producempresarial.pe\/desempeno-economico-de-las-mype-2024\/"},"wordCount":66,"publisher":{"@id":"https:\/\/www.producempresarial.pe\/#organization"},"image":{"@id":"https:\/\/www.producempresarial.pe\/desempeno-economico-de-las-mype-2024\/#primaryimage"},"thumbnailUrl":"https:\/\/www.producempresarial.pe\/wp-content\/uploads\/2025\/05\/355-Captura-de-pantalla-2025-05-09-123719.jpg","articleSection":["Art\u00edculos de Inter\u00e9s","Empresas en n\u00fameros","Publicaciones","Tejido Empresarial"],"inLanguage":"en-US"},{"@type":"WebPage","@id":"https:\/\/www.producempresarial.pe\/desempeno-economico-de-las-mype-2024\/","url":"https:\/\/www.producempresarial.pe\/desempeno-economico-de-las-mype-2024\/","name":"Desempe\u00f1o econ\u00f3mico de las MYPE 2024 - Observatorio PRODUCEmpresarial","isPartOf":{"@id":"https:\/\/www.producempresarial.pe\/#website"},"primaryImageOfPage":{"@id":"https:\/\/www.producempresarial.pe\/desempeno-economico-de-las-mype-2024\/#primaryimage"},"image":{"@id":"https:\/\/www.producempresarial.pe\/desempeno-economico-de-las-mype-2024\/#primaryimage"},"thumbnailUrl":"https:\/\/www.producempresarial.pe\/wp-content\/uploads\/2025\/05\/355-Captura-de-pantalla-2025-05-09-123719.jpg","datePublished":"2025-05-09T17:43:36+00:00","dateModified":"2025-05-09T17:43:38+00:00","breadcrumb":{"@id":"https:\/\/www.producempresarial.pe\/desempeno-economico-de-las-mype-2024\/#breadcrumb"},"inLanguage":"en-US","potentialAction":[{"@type":"ReadAction","target":["https:\/\/www.producempresarial.pe\/desempeno-economico-de-las-mype-2024\/"]}]},{"@type":"ImageObject","inLanguage":"en-US","@id":"https:\/\/www.producempresarial.pe\/desempeno-economico-de-las-mype-2024\/#primaryimage","url":"https:\/\/www.producempresarial.pe\/wp-content\/uploads\/2025\/05\/355-Captura-de-pantalla-2025-05-09-123719.jpg","contentUrl":"https:\/\/www.producempresarial.pe\/wp-content\/uploads\/2025\/05\/355-Captura-de-pantalla-2025-05-09-123719.jpg","width":675,"height":384},{"@type":"BreadcrumbList","@id":"https:\/\/www.producempresarial.pe\/desempeno-economico-de-las-mype-2024\/#breadcrumb","itemListElement":[{"@type":"ListItem","position":1,"name":"Home","item":"https:\/\/www.producempresarial.pe\/"},{"@type":"ListItem","position":2,"name":"Desempe\u00f1o econ\u00f3mico de las MYPE 2024"}]},{"@type":"WebSite","@id":"https:\/\/www.producempresarial.pe\/#website","url":"https:\/\/www.producempresarial.pe\/","name":"PRODUCEmpresarial Observatory","description":"Herramienta estrat\u00e9gica que integra y genera peri\u00f3dicamente evidencia y an\u00e1lisis sobre el desempe\u00f1o productivo del sector empresarial, as\u00ed como contribuye en la difusi\u00f3n de informaci\u00f3n y documentos t\u00e9cnicos anal\u00edticos y especializados sobre el desempe\u00f1o de las empresas en el Per\u00fa.","publisher":{"@id":"https:\/\/www.producempresarial.pe\/#organization"},"potentialAction":[{"@type":"SearchAction","target":{"@type":"EntryPoint","urlTemplate":"https:\/\/www.producempresarial.pe\/?s={search_term_string}"},"query-input":{"@type":"PropertyValueSpecification","valueRequired":true,"valueName":"search_term_string"}}],"inLanguage":"en-US"},{"@type":"Organization","@id":"https:\/\/www.producempresarial.pe\/#organization","name":"PRDOUCE","url":"https:\/\/www.producempresarial.pe\/","logo":{"@type":"ImageObject","inLanguage":"en-US","@id":"https:\/\/www.producempresarial.pe\/#\/schema\/logo\/image\/","url":"https:\/\/www.producempresarial.pe\/wp-content\/uploads\/2024\/02\/image-logo-share.png","contentUrl":"https:\/\/www.producempresarial.pe\/wp-content\/uploads\/2024\/02\/image-logo-share.png","width":1200,"height":628,"caption":"PRDOUCE"},"image":{"@id":"https:\/\/www.producempresarial.pe\/#\/schema\/logo\/image\/"}},{"@type":"Person","@id":"https:\/\/www.producempresarial.pe\/#\/schema\/person\/6e13e1f2f8fc108ce3789cbdb23a5d21","name":"admin","sameAs":["https:\/\/www.producempresarial.pe"],"url":"https:\/\/www.producempresarial.pe\/en\/author\/admin\/"}]}},"_links":{"self":[{"href":"https:\/\/www.producempresarial.pe\/en\/wp-json\/wp\/v2\/posts\/25707","targetHints":{"allow":["GET"]}}],"collection":[{"href":"https:\/\/www.producempresarial.pe\/en\/wp-json\/wp\/v2\/posts"}],"about":[{"href":"https:\/\/www.producempresarial.pe\/en\/wp-json\/wp\/v2\/types\/post"}],"author":[{"embeddable":true,"href":"https:\/\/www.producempresarial.pe\/en\/wp-json\/wp\/v2\/users\/1"}],"replies":[{"embeddable":true,"href":"https:\/\/www.producempresarial.pe\/en\/wp-json\/wp\/v2\/comments?post=25707"}],"version-history":[{"count":2,"href":"https:\/\/www.producempresarial.pe\/en\/wp-json\/wp\/v2\/posts\/25707\/revisions"}],"predecessor-version":[{"id":25711,"href":"https:\/\/www.producempresarial.pe\/en\/wp-json\/wp\/v2\/posts\/25707\/revisions\/25711"}],"wp:featuredmedia":[{"embeddable":true,"href":"https:\/\/www.producempresarial.pe\/en\/wp-json\/wp\/v2\/media\/25709"}],"wp:attachment":[{"href":"https:\/\/www.producempresarial.pe\/en\/wp-json\/wp\/v2\/media?parent=25707"}],"wp:term":[{"taxonomy":"category","embeddable":true,"href":"https:\/\/www.producempresarial.pe\/en\/wp-json\/wp\/v2\/categories?post=25707"},{"taxonomy":"post_tag","embeddable":true,"href":"https:\/\/www.producempresarial.pe\/en\/wp-json\/wp\/v2\/tags?post=25707"}],"curies":[{"name":"wp","href":"https:\/\/api.w.org\/{rel}","templated":true}]}}