{"id":30380,"date":"2026-04-24T14:47:11","date_gmt":"2026-04-24T19:47:11","guid":{"rendered":"https:\/\/www.producempresarial.pe\/?p=30380"},"modified":"2026-04-24T14:47:17","modified_gmt":"2026-04-24T19:47:17","slug":"avances-del-programa-presupuestal-0093-desarrollo-productivo-de-las-empresas-2025","status":"publish","type":"post","link":"https:\/\/www.producempresarial.pe\/en\/avances-del-programa-presupuestal-0093-desarrollo-productivo-de-las-empresas-2025\/","title":{"rendered":"Avances del Programa Presupuestal 0093 \u201cDesarrollo Productivo de las Empresas\u201d 2025"},"content":{"rendered":"<p>En 2025, m\u00e1s de 40 mil empresas fueron atendidos a nivel nacional mediante los servicios de capacitaci\u00f3n, asistencia t\u00e9cnica, articulaci\u00f3n de mercados, transferencia tecnol\u00f3gica, y difusi\u00f3n del PP 0093 \u201cDesarrollo Productivo de las Empresas\u201d. Ese a\u00f1o se beneficiaron a m\u00e1s de 5 mil<br>empresas con servicios de capacitaci\u00f3n y a m\u00e1s de 1,700 con servicios de transferencia tecnol\u00f3gica. Adem\u00e1s, m\u00e1s de 900 empresas accedieron a servicios de articulaci\u00f3n comercial.<\/p>\n\n\n\n<div data-wp-interactive=\"core\/file\" class=\"wp-block-file\"><object data-wp-bind--hidden=\"!state.hasPdfPreview\" hidden class=\"wp-block-file__embed\" data=\"https:\/\/www.producempresarial.pe\/wp-content\/uploads\/2026\/04\/Boletin_PP093_Anual25.pdf\" type=\"application\/pdf\" style=\"width:100%;height:600px\" aria-label=\"Embed of Bolet\u00edn_PP093_Anual25.\"><\/object><a id=\"wp-block-file--media-08018a7a-8daf-40bc-b09f-0398f9dd2b3c\" href=\"https:\/\/www.producempresarial.pe\/wp-content\/uploads\/2026\/04\/Boletin_PP093_Anual25.pdf\">Bolet\u00edn_PP093_Anual25<\/a><a href=\"https:\/\/www.producempresarial.pe\/wp-content\/uploads\/2026\/04\/Boletin_PP093_Anual25.pdf\" class=\"wp-block-file__button wp-element-button\" download aria-describedby=\"wp-block-file--media-08018a7a-8daf-40bc-b09f-0398f9dd2b3c\">Download PDF<\/a><\/div>\n\n\n\n<div data-wp-interactive=\"core\/file\" class=\"wp-block-file\"><object data-wp-bind--hidden=\"!state.hasPdfPreview\" hidden class=\"wp-block-file__embed\" data=\"https:\/\/www.producempresarial.pe\/wp-content\/uploads\/2026\/04\/Boletin_PP093_1trim25.pdf\" type=\"application\/pdf\" style=\"width:100%;height:600px\" aria-label=\"Embed of Bolet\u00edn_PP093_1trim25.\"><\/object><a id=\"wp-block-file--media-f8ebcca6-7e12-4b33-8f5a-c04fce620abb\" href=\"https:\/\/www.producempresarial.pe\/wp-content\/uploads\/2026\/04\/Boletin_PP093_1trim25.pdf\">Bolet\u00edn_PP093_1trim25<\/a><a href=\"https:\/\/www.producempresarial.pe\/wp-content\/uploads\/2026\/04\/Boletin_PP093_1trim25.pdf\" class=\"wp-block-file__button wp-element-button\" download aria-describedby=\"wp-block-file--media-f8ebcca6-7e12-4b33-8f5a-c04fce620abb\">I Trimestre<\/a><\/div>\n\n\n\n<div data-wp-interactive=\"core\/file\" class=\"wp-block-file\"><object data-wp-bind--hidden=\"!state.hasPdfPreview\" hidden class=\"wp-block-file__embed\" data=\"https:\/\/www.producempresarial.pe\/wp-content\/uploads\/2026\/04\/Boletin_PP093_2trim25-1.pdf\" type=\"application\/pdf\" style=\"width:100%;height:600px\" aria-label=\"Embed of Bolet\u00edn_PP093_2trim25.\"><\/object><a id=\"wp-block-file--media-d1ed4bc6-7b6c-4a74-9073-e7d00b24e0bd\" href=\"https:\/\/www.producempresarial.pe\/wp-content\/uploads\/2026\/04\/Boletin_PP093_2trim25-1.pdf\">Bolet\u00edn_PP093_2trim25<\/a><a href=\"https:\/\/www.producempresarial.pe\/wp-content\/uploads\/2026\/04\/Boletin_PP093_2trim25-1.pdf\" class=\"wp-block-file__button wp-element-button\" download aria-describedby=\"wp-block-file--media-d1ed4bc6-7b6c-4a74-9073-e7d00b24e0bd\">II Trimestre<\/a><\/div>\n\n\n\n<div data-wp-interactive=\"core\/file\" class=\"wp-block-file\"><object data-wp-bind--hidden=\"!state.hasPdfPreview\" hidden class=\"wp-block-file__embed\" data=\"https:\/\/www.producempresarial.pe\/wp-content\/uploads\/2026\/04\/Boletin_PP093_3trim25.pdf\" type=\"application\/pdf\" style=\"width:100%;height:600px\" aria-label=\"Embed of Bolet\u00edn_PP093_3trim25.\"><\/object><a id=\"wp-block-file--media-bc4ff721-ef7b-4d50-ad15-0097d60f4197\" href=\"https:\/\/www.producempresarial.pe\/wp-content\/uploads\/2026\/04\/Boletin_PP093_3trim25.pdf\">Bolet\u00edn_PP093_3trim25<\/a><a href=\"https:\/\/www.producempresarial.pe\/wp-content\/uploads\/2026\/04\/Boletin_PP093_3trim25.pdf\" class=\"wp-block-file__button wp-element-button\" download aria-describedby=\"wp-block-file--media-bc4ff721-ef7b-4d50-ad15-0097d60f4197\">III Trimestre<\/a><\/div>\n\n\n\n<div data-wp-interactive=\"core\/file\" class=\"wp-block-file\"><object data-wp-bind--hidden=\"!state.hasPdfPreview\" hidden class=\"wp-block-file__embed\" data=\"https:\/\/www.producempresarial.pe\/wp-content\/uploads\/2026\/04\/Boletin_PP093_4trim25.pdf\" type=\"application\/pdf\" style=\"width:100%;height:600px\" aria-label=\"Embed of Bolet\u00edn_PP093_4trim25.\"><\/object><a id=\"wp-block-file--media-aa1d80f1-49e8-46f3-a04d-c021116a7f49\" href=\"https:\/\/www.producempresarial.pe\/wp-content\/uploads\/2026\/04\/Boletin_PP093_4trim25.pdf\">Bolet\u00edn_PP093_4trim25<\/a><a href=\"https:\/\/www.producempresarial.pe\/wp-content\/uploads\/2026\/04\/Boletin_PP093_4trim25.pdf\" class=\"wp-block-file__button wp-element-button\" download aria-describedby=\"wp-block-file--media-aa1d80f1-49e8-46f3-a04d-c021116a7f49\">IV Trimestre<\/a><\/div>","protected":false},"excerpt":{"rendered":"<p>En 2025, m\u00e1s de 40 mil empresas fueron atendidos a nivel nacional mediante los servicios de capacitaci\u00f3n, asistencia t\u00e9cnica, articulaci\u00f3n de mercados, transferencia tecnol\u00f3gica, y difusi\u00f3n del PP 0093 \u201cDesarrollo Productivo de las Empresas\u201d. Ese a\u00f1o se beneficiaron a m\u00e1s de 5 milempresas con servicios de capacitaci\u00f3n y a m\u00e1s de 1,700 con servicios de &#8230; <a title=\"Avances del Programa Presupuestal 0093 \u201cDesarrollo Productivo de las Empresas\u201d 2025\" class=\"read-more\" href=\"https:\/\/www.producempresarial.pe\/en\/avances-del-programa-presupuestal-0093-desarrollo-productivo-de-las-empresas-2025\/\" aria-label=\"Read more about Avances del Programa Presupuestal 0093 \u201cDesarrollo Productivo de las Empresas\u201d 2025\">Read more<\/a><\/p>","protected":false},"author":1,"featured_media":30381,"comment_status":"closed","ping_status":"open","sticky":false,"template":"","format":"standard","meta":{"_acf_changed":false,"footnotes":""},"categories":[221,213,220,207],"tags":[],"class_list":["post-30380","post","type-post","status-publish","format-standard","has-post-thumbnail","hentry","category-publicaciones-articulos","category-empresas-om","category-publicaciones-om","category-tejido-empresarial-om"],"acf":[],"yoast_head":"<!-- This site is optimized with the Yoast SEO plugin v27.1.1 - https:\/\/yoast.com\/product\/yoast-seo-wordpress\/ -->\n<title>Avances del Programa Presupuestal 0093 \u201cDesarrollo Productivo de las Empresas\u201d 2025 - Observatorio PRODUCEmpresarial<\/title>\n<meta name=\"robots\" content=\"index, follow, max-snippet:-1, max-image-preview:large, max-video-preview:-1\" \/>\n<link rel=\"canonical\" href=\"https:\/\/www.producempresarial.pe\/en\/avances-del-programa-presupuestal-0093-desarrollo-productivo-de-las-empresas-2025\/\" \/>\n<meta property=\"og:locale\" content=\"en_US\" \/>\n<meta property=\"og:type\" content=\"article\" \/>\n<meta property=\"og:title\" content=\"Avances del Programa Presupuestal 0093 \u201cDesarrollo Productivo de las Empresas\u201d 2025 - Observatorio PRODUCEmpresarial\" \/>\n<meta property=\"og:description\" content=\"En 2025, m\u00e1s de 40 mil empresas fueron atendidos a nivel nacional mediante los servicios de capacitaci\u00f3n, asistencia t\u00e9cnica, articulaci\u00f3n de mercados, transferencia tecnol\u00f3gica, y difusi\u00f3n del PP 0093 \u201cDesarrollo Productivo de las Empresas\u201d. Ese a\u00f1o se beneficiaron a m\u00e1s de 5 milempresas con servicios de capacitaci\u00f3n y a m\u00e1s de 1,700 con servicios de ... Read more\" \/>\n<meta property=\"og:url\" content=\"https:\/\/www.producempresarial.pe\/en\/avances-del-programa-presupuestal-0093-desarrollo-productivo-de-las-empresas-2025\/\" \/>\n<meta property=\"og:site_name\" content=\"Observatorio PRODUCEmpresarial\" \/>\n<meta property=\"article:published_time\" content=\"2026-04-24T19:47:11+00:00\" \/>\n<meta property=\"article:modified_time\" content=\"2026-04-24T19:47:17+00:00\" \/>\n<meta property=\"og:image\" content=\"https:\/\/www.producempresarial.pe\/wp-content\/uploads\/2026\/04\/WhatsApp-Image-2026-04-24-at-2.36.36-PM.jpeg\" \/>\n\t<meta property=\"og:image:width\" content=\"1131\" \/>\n\t<meta property=\"og:image:height\" content=\"1600\" \/>\n\t<meta property=\"og:image:type\" content=\"image\/jpeg\" \/>\n<meta name=\"author\" content=\"admin\" \/>\n<meta name=\"twitter:card\" content=\"summary_large_image\" \/>\n<meta name=\"twitter:image\" content=\"https:\/\/www.producempresarial.pe\/wp-content\/uploads\/2026\/04\/WhatsApp-Image-2026-04-24-at-2.36.36-PM.jpeg\" \/>\n<meta name=\"twitter:label1\" content=\"Written por\" \/>\n\t<meta name=\"twitter:data1\" content=\"admin\" \/>\n\t<meta name=\"twitter:label2\" content=\"Est. reading time\" \/>\n\t<meta name=\"twitter:data2\" content=\"1 minute\" \/>\n<script type=\"application\/ld+json\" class=\"yoast-schema-graph\">{\"@context\":\"https:\/\/schema.org\",\"@graph\":[{\"@type\":\"Article\",\"@id\":\"https:\/\/www.producempresarial.pe\/avances-del-programa-presupuestal-0093-desarrollo-productivo-de-las-empresas-2025\/#article\",\"isPartOf\":{\"@id\":\"https:\/\/www.producempresarial.pe\/avances-del-programa-presupuestal-0093-desarrollo-productivo-de-las-empresas-2025\/\"},\"author\":{\"name\":\"admin\",\"@id\":\"https:\/\/www.producempresarial.pe\/#\/schema\/person\/6e13e1f2f8fc108ce3789cbdb23a5d21\"},\"headline\":\"Avances del Programa Presupuestal 0093 \u201cDesarrollo Productivo de las Empresas\u201d 2025\",\"datePublished\":\"2026-04-24T19:47:11+00:00\",\"dateModified\":\"2026-04-24T19:47:17+00:00\",\"mainEntityOfPage\":{\"@id\":\"https:\/\/www.producempresarial.pe\/avances-del-programa-presupuestal-0093-desarrollo-productivo-de-las-empresas-2025\/\"},\"wordCount\":115,\"publisher\":{\"@id\":\"https:\/\/www.producempresarial.pe\/#organization\"},\"image\":{\"@id\":\"https:\/\/www.producempresarial.pe\/avances-del-programa-presupuestal-0093-desarrollo-productivo-de-las-empresas-2025\/#primaryimage\"},\"thumbnailUrl\":\"https:\/\/www.producempresarial.pe\/wp-content\/uploads\/2026\/04\/WhatsApp-Image-2026-04-24-at-2.36.36-PM.jpeg\",\"articleSection\":[\"Art\u00edculos de Inter\u00e9s\",\"Empresas en n\u00fameros\",\"Publicaciones\",\"Tejido Empresarial\"],\"inLanguage\":\"en-US\"},{\"@type\":\"WebPage\",\"@id\":\"https:\/\/www.producempresarial.pe\/avances-del-programa-presupuestal-0093-desarrollo-productivo-de-las-empresas-2025\/\",\"url\":\"https:\/\/www.producempresarial.pe\/avances-del-programa-presupuestal-0093-desarrollo-productivo-de-las-empresas-2025\/\",\"name\":\"Avances del Programa Presupuestal 0093 \u201cDesarrollo Productivo de las Empresas\u201d 2025 - Observatorio PRODUCEmpresarial\",\"isPartOf\":{\"@id\":\"https:\/\/www.producempresarial.pe\/#website\"},\"primaryImageOfPage\":{\"@id\":\"https:\/\/www.producempresarial.pe\/avances-del-programa-presupuestal-0093-desarrollo-productivo-de-las-empresas-2025\/#primaryimage\"},\"image\":{\"@id\":\"https:\/\/www.producempresarial.pe\/avances-del-programa-presupuestal-0093-desarrollo-productivo-de-las-empresas-2025\/#primaryimage\"},\"thumbnailUrl\":\"https:\/\/www.producempresarial.pe\/wp-content\/uploads\/2026\/04\/WhatsApp-Image-2026-04-24-at-2.36.36-PM.jpeg\",\"datePublished\":\"2026-04-24T19:47:11+00:00\",\"dateModified\":\"2026-04-24T19:47:17+00:00\",\"breadcrumb\":{\"@id\":\"https:\/\/www.producempresarial.pe\/avances-del-programa-presupuestal-0093-desarrollo-productivo-de-las-empresas-2025\/#breadcrumb\"},\"inLanguage\":\"en-US\",\"potentialAction\":[{\"@type\":\"ReadAction\",\"target\":[\"https:\/\/www.producempresarial.pe\/avances-del-programa-presupuestal-0093-desarrollo-productivo-de-las-empresas-2025\/\"]}]},{\"@type\":\"ImageObject\",\"inLanguage\":\"en-US\",\"@id\":\"https:\/\/www.producempresarial.pe\/avances-del-programa-presupuestal-0093-desarrollo-productivo-de-las-empresas-2025\/#primaryimage\",\"url\":\"https:\/\/www.producempresarial.pe\/wp-content\/uploads\/2026\/04\/WhatsApp-Image-2026-04-24-at-2.36.36-PM.jpeg\",\"contentUrl\":\"https:\/\/www.producempresarial.pe\/wp-content\/uploads\/2026\/04\/WhatsApp-Image-2026-04-24-at-2.36.36-PM.jpeg\",\"width\":1131,\"height\":1600},{\"@type\":\"BreadcrumbList\",\"@id\":\"https:\/\/www.producempresarial.pe\/avances-del-programa-presupuestal-0093-desarrollo-productivo-de-las-empresas-2025\/#breadcrumb\",\"itemListElement\":[{\"@type\":\"ListItem\",\"position\":1,\"name\":\"Home\",\"item\":\"https:\/\/www.producempresarial.pe\/\"},{\"@type\":\"ListItem\",\"position\":2,\"name\":\"Avances del Programa Presupuestal 0093 \u201cDesarrollo Productivo de las Empresas\u201d 2025\"}]},{\"@type\":\"WebSite\",\"@id\":\"https:\/\/www.producempresarial.pe\/#website\",\"url\":\"https:\/\/www.producempresarial.pe\/\",\"name\":\"Observatorio PRODUCEmpresarial\",\"description\":\"Herramienta estrat\u00e9gica que integra y genera peri\u00f3dicamente evidencia y an\u00e1lisis sobre el desempe\u00f1o productivo del sector empresarial, as\u00ed como contribuye en la difusi\u00f3n de informaci\u00f3n y documentos t\u00e9cnicos anal\u00edticos y especializados sobre el desempe\u00f1o de las empresas en el Per\u00fa.\",\"publisher\":{\"@id\":\"https:\/\/www.producempresarial.pe\/#organization\"},\"potentialAction\":[{\"@type\":\"SearchAction\",\"target\":{\"@type\":\"EntryPoint\",\"urlTemplate\":\"https:\/\/www.producempresarial.pe\/?s={search_term_string}\"},\"query-input\":{\"@type\":\"PropertyValueSpecification\",\"valueRequired\":true,\"valueName\":\"search_term_string\"}}],\"inLanguage\":\"en-US\"},{\"@type\":\"Organization\",\"@id\":\"https:\/\/www.producempresarial.pe\/#organization\",\"name\":\"PRDOUCE\",\"url\":\"https:\/\/www.producempresarial.pe\/\",\"logo\":{\"@type\":\"ImageObject\",\"inLanguage\":\"en-US\",\"@id\":\"https:\/\/www.producempresarial.pe\/#\/schema\/logo\/image\/\",\"url\":\"https:\/\/www.producempresarial.pe\/wp-content\/uploads\/2024\/02\/image-logo-share.png\",\"contentUrl\":\"https:\/\/www.producempresarial.pe\/wp-content\/uploads\/2024\/02\/image-logo-share.png\",\"width\":1200,\"height\":628,\"caption\":\"PRDOUCE\"},\"image\":{\"@id\":\"https:\/\/www.producempresarial.pe\/#\/schema\/logo\/image\/\"}},{\"@type\":\"Person\",\"@id\":\"https:\/\/www.producempresarial.pe\/#\/schema\/person\/6e13e1f2f8fc108ce3789cbdb23a5d21\",\"name\":\"admin\",\"sameAs\":[\"https:\/\/www.producempresarial.pe\"],\"url\":\"https:\/\/www.producempresarial.pe\/en\/author\/admin\/\"}]}<\/script>\n<!-- \/ Yoast SEO plugin. -->","yoast_head_json":{"title":"Avances del Programa Presupuestal 0093 \u201cDesarrollo Productivo de las Empresas\u201d 2025 - Observatorio PRODUCEmpresarial","robots":{"index":"index","follow":"follow","max-snippet":"max-snippet:-1","max-image-preview":"max-image-preview:large","max-video-preview":"max-video-preview:-1"},"canonical":"https:\/\/www.producempresarial.pe\/en\/avances-del-programa-presupuestal-0093-desarrollo-productivo-de-las-empresas-2025\/","og_locale":"en_US","og_type":"article","og_title":"Avances del Programa Presupuestal 0093 \u201cDesarrollo Productivo de las Empresas\u201d 2025 - Observatorio PRODUCEmpresarial","og_description":"En 2025, m\u00e1s de 40 mil empresas fueron atendidos a nivel nacional mediante los servicios de capacitaci\u00f3n, asistencia t\u00e9cnica, articulaci\u00f3n de mercados, transferencia tecnol\u00f3gica, y difusi\u00f3n del PP 0093 \u201cDesarrollo Productivo de las Empresas\u201d. Ese a\u00f1o se beneficiaron a m\u00e1s de 5 milempresas con servicios de capacitaci\u00f3n y a m\u00e1s de 1,700 con servicios de ... Read more","og_url":"https:\/\/www.producempresarial.pe\/en\/avances-del-programa-presupuestal-0093-desarrollo-productivo-de-las-empresas-2025\/","og_site_name":"Observatorio PRODUCEmpresarial","article_published_time":"2026-04-24T19:47:11+00:00","article_modified_time":"2026-04-24T19:47:17+00:00","og_image":[{"width":1131,"height":1600,"url":"https:\/\/www.producempresarial.pe\/wp-content\/uploads\/2026\/04\/WhatsApp-Image-2026-04-24-at-2.36.36-PM.jpeg","type":"image\/jpeg"}],"author":"admin","twitter_card":"summary_large_image","twitter_image":"https:\/\/www.producempresarial.pe\/wp-content\/uploads\/2026\/04\/WhatsApp-Image-2026-04-24-at-2.36.36-PM.jpeg","twitter_misc":{"Written por":"admin","Est. reading time":"1 minute"},"schema":{"@context":"https:\/\/schema.org","@graph":[{"@type":"Article","@id":"https:\/\/www.producempresarial.pe\/avances-del-programa-presupuestal-0093-desarrollo-productivo-de-las-empresas-2025\/#article","isPartOf":{"@id":"https:\/\/www.producempresarial.pe\/avances-del-programa-presupuestal-0093-desarrollo-productivo-de-las-empresas-2025\/"},"author":{"name":"admin","@id":"https:\/\/www.producempresarial.pe\/#\/schema\/person\/6e13e1f2f8fc108ce3789cbdb23a5d21"},"headline":"Avances del Programa Presupuestal 0093 \u201cDesarrollo Productivo de las Empresas\u201d 2025","datePublished":"2026-04-24T19:47:11+00:00","dateModified":"2026-04-24T19:47:17+00:00","mainEntityOfPage":{"@id":"https:\/\/www.producempresarial.pe\/avances-del-programa-presupuestal-0093-desarrollo-productivo-de-las-empresas-2025\/"},"wordCount":115,"publisher":{"@id":"https:\/\/www.producempresarial.pe\/#organization"},"image":{"@id":"https:\/\/www.producempresarial.pe\/avances-del-programa-presupuestal-0093-desarrollo-productivo-de-las-empresas-2025\/#primaryimage"},"thumbnailUrl":"https:\/\/www.producempresarial.pe\/wp-content\/uploads\/2026\/04\/WhatsApp-Image-2026-04-24-at-2.36.36-PM.jpeg","articleSection":["Art\u00edculos de Inter\u00e9s","Empresas en n\u00fameros","Publicaciones","Tejido Empresarial"],"inLanguage":"en-US"},{"@type":"WebPage","@id":"https:\/\/www.producempresarial.pe\/avances-del-programa-presupuestal-0093-desarrollo-productivo-de-las-empresas-2025\/","url":"https:\/\/www.producempresarial.pe\/avances-del-programa-presupuestal-0093-desarrollo-productivo-de-las-empresas-2025\/","name":"Avances del Programa Presupuestal 0093 \u201cDesarrollo Productivo de las Empresas\u201d 2025 - Observatorio PRODUCEmpresarial","isPartOf":{"@id":"https:\/\/www.producempresarial.pe\/#website"},"primaryImageOfPage":{"@id":"https:\/\/www.producempresarial.pe\/avances-del-programa-presupuestal-0093-desarrollo-productivo-de-las-empresas-2025\/#primaryimage"},"image":{"@id":"https:\/\/www.producempresarial.pe\/avances-del-programa-presupuestal-0093-desarrollo-productivo-de-las-empresas-2025\/#primaryimage"},"thumbnailUrl":"https:\/\/www.producempresarial.pe\/wp-content\/uploads\/2026\/04\/WhatsApp-Image-2026-04-24-at-2.36.36-PM.jpeg","datePublished":"2026-04-24T19:47:11+00:00","dateModified":"2026-04-24T19:47:17+00:00","breadcrumb":{"@id":"https:\/\/www.producempresarial.pe\/avances-del-programa-presupuestal-0093-desarrollo-productivo-de-las-empresas-2025\/#breadcrumb"},"inLanguage":"en-US","potentialAction":[{"@type":"ReadAction","target":["https:\/\/www.producempresarial.pe\/avances-del-programa-presupuestal-0093-desarrollo-productivo-de-las-empresas-2025\/"]}]},{"@type":"ImageObject","inLanguage":"en-US","@id":"https:\/\/www.producempresarial.pe\/avances-del-programa-presupuestal-0093-desarrollo-productivo-de-las-empresas-2025\/#primaryimage","url":"https:\/\/www.producempresarial.pe\/wp-content\/uploads\/2026\/04\/WhatsApp-Image-2026-04-24-at-2.36.36-PM.jpeg","contentUrl":"https:\/\/www.producempresarial.pe\/wp-content\/uploads\/2026\/04\/WhatsApp-Image-2026-04-24-at-2.36.36-PM.jpeg","width":1131,"height":1600},{"@type":"BreadcrumbList","@id":"https:\/\/www.producempresarial.pe\/avances-del-programa-presupuestal-0093-desarrollo-productivo-de-las-empresas-2025\/#breadcrumb","itemListElement":[{"@type":"ListItem","position":1,"name":"Home","item":"https:\/\/www.producempresarial.pe\/"},{"@type":"ListItem","position":2,"name":"Avances del Programa Presupuestal 0093 \u201cDesarrollo Productivo de las Empresas\u201d 2025"}]},{"@type":"WebSite","@id":"https:\/\/www.producempresarial.pe\/#website","url":"https:\/\/www.producempresarial.pe\/","name":"PRODUCEmpresarial Observatory","description":"Herramienta estrat\u00e9gica que integra y genera peri\u00f3dicamente evidencia y an\u00e1lisis sobre el desempe\u00f1o productivo del sector empresarial, as\u00ed como contribuye en la difusi\u00f3n de informaci\u00f3n y documentos t\u00e9cnicos anal\u00edticos y especializados sobre el desempe\u00f1o de las empresas en el Per\u00fa.","publisher":{"@id":"https:\/\/www.producempresarial.pe\/#organization"},"potentialAction":[{"@type":"SearchAction","target":{"@type":"EntryPoint","urlTemplate":"https:\/\/www.producempresarial.pe\/?s={search_term_string}"},"query-input":{"@type":"PropertyValueSpecification","valueRequired":true,"valueName":"search_term_string"}}],"inLanguage":"en-US"},{"@type":"Organization","@id":"https:\/\/www.producempresarial.pe\/#organization","name":"PRDOUCE","url":"https:\/\/www.producempresarial.pe\/","logo":{"@type":"ImageObject","inLanguage":"en-US","@id":"https:\/\/www.producempresarial.pe\/#\/schema\/logo\/image\/","url":"https:\/\/www.producempresarial.pe\/wp-content\/uploads\/2024\/02\/image-logo-share.png","contentUrl":"https:\/\/www.producempresarial.pe\/wp-content\/uploads\/2024\/02\/image-logo-share.png","width":1200,"height":628,"caption":"PRDOUCE"},"image":{"@id":"https:\/\/www.producempresarial.pe\/#\/schema\/logo\/image\/"}},{"@type":"Person","@id":"https:\/\/www.producempresarial.pe\/#\/schema\/person\/6e13e1f2f8fc108ce3789cbdb23a5d21","name":"admin","sameAs":["https:\/\/www.producempresarial.pe"],"url":"https:\/\/www.producempresarial.pe\/en\/author\/admin\/"}]}},"_links":{"self":[{"href":"https:\/\/www.producempresarial.pe\/en\/wp-json\/wp\/v2\/posts\/30380","targetHints":{"allow":["GET"]}}],"collection":[{"href":"https:\/\/www.producempresarial.pe\/en\/wp-json\/wp\/v2\/posts"}],"about":[{"href":"https:\/\/www.producempresarial.pe\/en\/wp-json\/wp\/v2\/types\/post"}],"author":[{"embeddable":true,"href":"https:\/\/www.producempresarial.pe\/en\/wp-json\/wp\/v2\/users\/1"}],"replies":[{"embeddable":true,"href":"https:\/\/www.producempresarial.pe\/en\/wp-json\/wp\/v2\/comments?post=30380"}],"version-history":[{"count":1,"href":"https:\/\/www.producempresarial.pe\/en\/wp-json\/wp\/v2\/posts\/30380\/revisions"}],"predecessor-version":[{"id":30388,"href":"https:\/\/www.producempresarial.pe\/en\/wp-json\/wp\/v2\/posts\/30380\/revisions\/30388"}],"wp:featuredmedia":[{"embeddable":true,"href":"https:\/\/www.producempresarial.pe\/en\/wp-json\/wp\/v2\/media\/30381"}],"wp:attachment":[{"href":"https:\/\/www.producempresarial.pe\/en\/wp-json\/wp\/v2\/media?parent=30380"}],"wp:term":[{"taxonomy":"category","embeddable":true,"href":"https:\/\/www.producempresarial.pe\/en\/wp-json\/wp\/v2\/categories?post=30380"},{"taxonomy":"post_tag","embeddable":true,"href":"https:\/\/www.producempresarial.pe\/en\/wp-json\/wp\/v2\/tags?post=30380"}],"curies":[{"name":"wp","href":"https:\/\/api.w.org\/{rel}","templated":true}]}}