{"id":5300,"date":"2023-11-24T14:07:58","date_gmt":"2023-11-24T19:07:58","guid":{"rendered":"https:\/\/www.producempresarial.pe\/?p=5300"},"modified":"2024-01-18T14:12:18","modified_gmt":"2024-01-18T19:12:18","slug":"unidad-tecnica-textil-y-confecciones-lima-presente-en-el-i-congreso-nacional-de-industria-textil-confeccion-y-moda","status":"publish","type":"post","link":"https:\/\/www.producempresarial.pe\/en\/unidad-tecnica-textil-y-confecciones-lima-presente-en-el-i-congreso-nacional-de-industria-textil-confeccion-y-moda\/","title":{"rendered":"Unidad T\u00e9cnica Textil y Confecciones Lima presente en el I Congreso Nacional de Industria Textil, Confecci\u00f3n y Moda"},"content":{"rendered":"<div data-elementor-type=\"wp-post\" data-elementor-id=\"5300\" class=\"elementor elementor-5300\" data-elementor-post-type=\"post\">\n\t\t\t\t<div class=\"elementor-element elementor-element-9b97c1d e-flex e-con-boxed e-con e-parent\" data-id=\"9b97c1d\" data-element_type=\"container\" data-e-type=\"container\">\n\t\t\t\t\t<div class=\"e-con-inner\">\n\t\t\t\t<div class=\"elementor-element elementor-element-1f8845f elementor-widget elementor-widget-text-editor\" data-id=\"1f8845f\" data-element_type=\"widget\" data-e-type=\"widget\" data-widget_type=\"text-editor.default\">\n\t\t\t\t<div class=\"elementor-widget-container\">\n\t\t\t\t\t\t\t\t\t<p><span style=\"color: #26292e; font-size: 16px;\">Con la participaci\u00f3n de la Unidad T\u00e9cnica Textil y Confecciones del CITEccal Lima del Instituto Tecnol\u00f3gico de la Producci\u00f3n (ITP) del Ministerio de la Producci\u00f3n (Produce), se desarroll\u00f3 el \u201cI Congreso Nacional de Industria Textil, confecci\u00f3n y Moda \u2013 CONITECOM\u201d a cargo de la Universidad Nacional de Ingenier\u00eda (UNI).<\/span><\/p>\t\t\t\t\t\t\t\t<\/div>\n\t\t\t\t<\/div>\n\t\t\t\t<div class=\"elementor-element elementor-element-5ac0f38 elementor-absolute elementor-widget elementor-widget-read-more\" data-id=\"5ac0f38\" data-element_type=\"widget\" data-e-type=\"widget\" data-settings=\"{&quot;_position&quot;:&quot;absolute&quot;}\" data-widget_type=\"read-more.default\">\n\t\t\t\t<div class=\"elementor-widget-container\">\n\t\t\t\t\t<\/div><\/div><\/div><\/div><\/div><p class=\"read-more-container\"><a title=\"Unidad T\u00e9cnica Textil y Confecciones Lima presente en el I Congreso Nacional de Industria Textil, Confecci\u00f3n y Moda\" class=\"read-more content-read-more\" href=\"https:\/\/www.producempresarial.pe\/en\/unidad-tecnica-textil-y-confecciones-lima-presente-en-el-i-congreso-nacional-de-industria-textil-confeccion-y-moda\/#more-5300\" aria-label=\"Read more about Unidad T\u00e9cnica Textil y Confecciones Lima presente en el I Congreso Nacional de Industria Textil, Confecci\u00f3n y Moda\">Read more<\/a><\/p>","protected":false},"excerpt":{"rendered":"<p>Con la participaci\u00f3n de la Unidad T\u00e9cnica Textil y Confecciones del CITEccal Lima del Instituto Tecnol\u00f3gico de la Producci\u00f3n (ITP) del Ministerio de la Producci\u00f3n (Produce), se desarroll\u00f3 el \u201cI Congreso Nacional de Industria Textil, confecci\u00f3n y Moda \u2013 CONITECOM\u201d a cargo de la Universidad Nacional de Ingenier\u00eda (UNI).<\/p>","protected":false},"author":3,"featured_media":5307,"comment_status":"open","ping_status":"open","sticky":false,"template":"","format":"standard","meta":{"_acf_changed":false,"footnotes":""},"categories":[1],"tags":[],"class_list":["post-5300","post","type-post","status-publish","format-standard","has-post-thumbnail","hentry","category-sin-categoria"],"acf":[],"yoast_head":"<!-- This site is optimized with the Yoast SEO plugin v27.1.1 - https:\/\/yoast.com\/product\/yoast-seo-wordpress\/ -->\n<title>Unidad T\u00e9cnica Textil y Confecciones Lima presente en el I Congreso Nacional de Industria Textil, Confecci\u00f3n y Moda - Observatorio PRODUCEmpresarial<\/title>\n<meta name=\"robots\" content=\"index, follow, max-snippet:-1, max-image-preview:large, max-video-preview:-1\" \/>\n<link rel=\"canonical\" href=\"https:\/\/www.producempresarial.pe\/en\/unidad-tecnica-textil-y-confecciones-lima-presente-en-el-i-congreso-nacional-de-industria-textil-confeccion-y-moda\/\" \/>\n<meta property=\"og:locale\" content=\"en_US\" \/>\n<meta property=\"og:type\" content=\"article\" \/>\n<meta property=\"og:title\" content=\"Unidad T\u00e9cnica Textil y Confecciones Lima presente en el I Congreso Nacional de Industria Textil, Confecci\u00f3n y Moda - Observatorio PRODUCEmpresarial\" \/>\n<meta property=\"og:description\" content=\"Con la participaci\u00f3n de la Unidad T\u00e9cnica Textil y Confecciones del CITEccal Lima del Instituto Tecnol\u00f3gico de la Producci\u00f3n (ITP) del Ministerio de la Producci\u00f3n (Produce), se desarroll\u00f3 el \u201cI Congreso Nacional de Industria Textil, confecci\u00f3n y Moda \u2013 CONITECOM\u201d a cargo de la Universidad Nacional de Ingenier\u00eda (UNI).\" \/>\n<meta property=\"og:url\" content=\"https:\/\/www.producempresarial.pe\/en\/unidad-tecnica-textil-y-confecciones-lima-presente-en-el-i-congreso-nacional-de-industria-textil-confeccion-y-moda\/\" \/>\n<meta property=\"og:site_name\" content=\"Observatorio PRODUCEmpresarial\" \/>\n<meta property=\"article:published_time\" content=\"2023-11-24T19:07:58+00:00\" \/>\n<meta property=\"article:modified_time\" content=\"2024-01-18T19:12:18+00:00\" \/>\n<meta property=\"og:image\" content=\"https:\/\/www.producempresarial.pe\/wp-content\/uploads\/2024\/01\/AnyConv.com__standard_872145-031434c9-11b3-4f1c-92aa-709984a734a1.jpg\" \/>\n\t<meta property=\"og:image:width\" content=\"645\" \/>\n\t<meta property=\"og:image:height\" content=\"363\" \/>\n\t<meta property=\"og:image:type\" content=\"image\/jpeg\" \/>\n<meta name=\"author\" content=\"Harriet Gom\u00e9z Moncada\" \/>\n<meta name=\"twitter:card\" content=\"summary_large_image\" \/>\n<meta name=\"twitter:label1\" content=\"Written por\" \/>\n\t<meta name=\"twitter:data1\" content=\"Harriet Gom\u00e9z Moncada\" \/>\n\t<meta name=\"twitter:label2\" content=\"Est. reading time\" \/>\n\t<meta name=\"twitter:data2\" content=\"2 minutes\" \/>\n<script type=\"application\/ld+json\" class=\"yoast-schema-graph\">{\"@context\":\"https:\/\/schema.org\",\"@graph\":[{\"@type\":\"Article\",\"@id\":\"https:\/\/www.producempresarial.pe\/unidad-tecnica-textil-y-confecciones-lima-presente-en-el-i-congreso-nacional-de-industria-textil-confeccion-y-moda\/#article\",\"isPartOf\":{\"@id\":\"https:\/\/www.producempresarial.pe\/unidad-tecnica-textil-y-confecciones-lima-presente-en-el-i-congreso-nacional-de-industria-textil-confeccion-y-moda\/\"},\"author\":{\"name\":\"Harriet Gom\u00e9z Moncada\",\"@id\":\"https:\/\/www.producempresarial.pe\/#\/schema\/person\/febcc1b19fdd38e99a8203a98d537164\"},\"headline\":\"Unidad T\u00e9cnica Textil y Confecciones Lima presente en el I Congreso Nacional de Industria Textil, Confecci\u00f3n y Moda\",\"datePublished\":\"2023-11-24T19:07:58+00:00\",\"dateModified\":\"2024-01-18T19:12:18+00:00\",\"mainEntityOfPage\":{\"@id\":\"https:\/\/www.producempresarial.pe\/unidad-tecnica-textil-y-confecciones-lima-presente-en-el-i-congreso-nacional-de-industria-textil-confeccion-y-moda\/\"},\"wordCount\":366,\"commentCount\":0,\"publisher\":{\"@id\":\"https:\/\/www.producempresarial.pe\/#organization\"},\"image\":{\"@id\":\"https:\/\/www.producempresarial.pe\/unidad-tecnica-textil-y-confecciones-lima-presente-en-el-i-congreso-nacional-de-industria-textil-confeccion-y-moda\/#primaryimage\"},\"thumbnailUrl\":\"https:\/\/www.producempresarial.pe\/wp-content\/uploads\/2024\/01\/AnyConv.com__standard_872145-031434c9-11b3-4f1c-92aa-709984a734a1.jpg\",\"articleSection\":[\"Sin categoria\"],\"inLanguage\":\"en-US\",\"potentialAction\":[{\"@type\":\"CommentAction\",\"name\":\"Comment\",\"target\":[\"https:\/\/www.producempresarial.pe\/unidad-tecnica-textil-y-confecciones-lima-presente-en-el-i-congreso-nacional-de-industria-textil-confeccion-y-moda\/#respond\"]}]},{\"@type\":\"WebPage\",\"@id\":\"https:\/\/www.producempresarial.pe\/unidad-tecnica-textil-y-confecciones-lima-presente-en-el-i-congreso-nacional-de-industria-textil-confeccion-y-moda\/\",\"url\":\"https:\/\/www.producempresarial.pe\/unidad-tecnica-textil-y-confecciones-lima-presente-en-el-i-congreso-nacional-de-industria-textil-confeccion-y-moda\/\",\"name\":\"Unidad T\u00e9cnica Textil y Confecciones Lima presente en el I Congreso Nacional de Industria Textil, Confecci\u00f3n y Moda - Observatorio PRODUCEmpresarial\",\"isPartOf\":{\"@id\":\"https:\/\/www.producempresarial.pe\/#website\"},\"primaryImageOfPage\":{\"@id\":\"https:\/\/www.producempresarial.pe\/unidad-tecnica-textil-y-confecciones-lima-presente-en-el-i-congreso-nacional-de-industria-textil-confeccion-y-moda\/#primaryimage\"},\"image\":{\"@id\":\"https:\/\/www.producempresarial.pe\/unidad-tecnica-textil-y-confecciones-lima-presente-en-el-i-congreso-nacional-de-industria-textil-confeccion-y-moda\/#primaryimage\"},\"thumbnailUrl\":\"https:\/\/www.producempresarial.pe\/wp-content\/uploads\/2024\/01\/AnyConv.com__standard_872145-031434c9-11b3-4f1c-92aa-709984a734a1.jpg\",\"datePublished\":\"2023-11-24T19:07:58+00:00\",\"dateModified\":\"2024-01-18T19:12:18+00:00\",\"breadcrumb\":{\"@id\":\"https:\/\/www.producempresarial.pe\/unidad-tecnica-textil-y-confecciones-lima-presente-en-el-i-congreso-nacional-de-industria-textil-confeccion-y-moda\/#breadcrumb\"},\"inLanguage\":\"en-US\",\"potentialAction\":[{\"@type\":\"ReadAction\",\"target\":[\"https:\/\/www.producempresarial.pe\/unidad-tecnica-textil-y-confecciones-lima-presente-en-el-i-congreso-nacional-de-industria-textil-confeccion-y-moda\/\"]}]},{\"@type\":\"ImageObject\",\"inLanguage\":\"en-US\",\"@id\":\"https:\/\/www.producempresarial.pe\/unidad-tecnica-textil-y-confecciones-lima-presente-en-el-i-congreso-nacional-de-industria-textil-confeccion-y-moda\/#primaryimage\",\"url\":\"https:\/\/www.producempresarial.pe\/wp-content\/uploads\/2024\/01\/AnyConv.com__standard_872145-031434c9-11b3-4f1c-92aa-709984a734a1.jpg\",\"contentUrl\":\"https:\/\/www.producempresarial.pe\/wp-content\/uploads\/2024\/01\/AnyConv.com__standard_872145-031434c9-11b3-4f1c-92aa-709984a734a1.jpg\",\"width\":645,\"height\":363},{\"@type\":\"BreadcrumbList\",\"@id\":\"https:\/\/www.producempresarial.pe\/unidad-tecnica-textil-y-confecciones-lima-presente-en-el-i-congreso-nacional-de-industria-textil-confeccion-y-moda\/#breadcrumb\",\"itemListElement\":[{\"@type\":\"ListItem\",\"position\":1,\"name\":\"Home\",\"item\":\"https:\/\/www.producempresarial.pe\/\"},{\"@type\":\"ListItem\",\"position\":2,\"name\":\"Unidad T\u00e9cnica Textil y Confecciones Lima presente en el I Congreso Nacional de Industria Textil, Confecci\u00f3n y Moda\"}]},{\"@type\":\"WebSite\",\"@id\":\"https:\/\/www.producempresarial.pe\/#website\",\"url\":\"https:\/\/www.producempresarial.pe\/\",\"name\":\"Observatorio PRODUCEmpresarial\",\"description\":\"Herramienta estrat\u00e9gica que integra y genera peri\u00f3dicamente evidencia y an\u00e1lisis sobre el desempe\u00f1o productivo del sector empresarial, as\u00ed como contribuye en la difusi\u00f3n de informaci\u00f3n y documentos t\u00e9cnicos anal\u00edticos y especializados sobre el desempe\u00f1o de las empresas en el Per\u00fa.\",\"publisher\":{\"@id\":\"https:\/\/www.producempresarial.pe\/#organization\"},\"potentialAction\":[{\"@type\":\"SearchAction\",\"target\":{\"@type\":\"EntryPoint\",\"urlTemplate\":\"https:\/\/www.producempresarial.pe\/?s={search_term_string}\"},\"query-input\":{\"@type\":\"PropertyValueSpecification\",\"valueRequired\":true,\"valueName\":\"search_term_string\"}}],\"inLanguage\":\"en-US\"},{\"@type\":\"Organization\",\"@id\":\"https:\/\/www.producempresarial.pe\/#organization\",\"name\":\"PRDOUCE\",\"url\":\"https:\/\/www.producempresarial.pe\/\",\"logo\":{\"@type\":\"ImageObject\",\"inLanguage\":\"en-US\",\"@id\":\"https:\/\/www.producempresarial.pe\/#\/schema\/logo\/image\/\",\"url\":\"https:\/\/www.producempresarial.pe\/wp-content\/uploads\/2024\/02\/image-logo-share.png\",\"contentUrl\":\"https:\/\/www.producempresarial.pe\/wp-content\/uploads\/2024\/02\/image-logo-share.png\",\"width\":1200,\"height\":628,\"caption\":\"PRDOUCE\"},\"image\":{\"@id\":\"https:\/\/www.producempresarial.pe\/#\/schema\/logo\/image\/\"}},{\"@type\":\"Person\",\"@id\":\"https:\/\/www.producempresarial.pe\/#\/schema\/person\/febcc1b19fdd38e99a8203a98d537164\",\"name\":\"Harriet Gom\u00e9z Moncada\",\"url\":\"https:\/\/www.producempresarial.pe\/en\/author\/hgomezm\/\"}]}<\/script>\n<!-- \/ Yoast SEO plugin. -->","yoast_head_json":{"title":"Unidad T\u00e9cnica Textil y Confecciones Lima presente en el I Congreso Nacional de Industria Textil, Confecci\u00f3n y Moda - Observatorio PRODUCEmpresarial","robots":{"index":"index","follow":"follow","max-snippet":"max-snippet:-1","max-image-preview":"max-image-preview:large","max-video-preview":"max-video-preview:-1"},"canonical":"https:\/\/www.producempresarial.pe\/en\/unidad-tecnica-textil-y-confecciones-lima-presente-en-el-i-congreso-nacional-de-industria-textil-confeccion-y-moda\/","og_locale":"en_US","og_type":"article","og_title":"Unidad T\u00e9cnica Textil y Confecciones Lima presente en el I Congreso Nacional de Industria Textil, Confecci\u00f3n y Moda - Observatorio PRODUCEmpresarial","og_description":"Con la participaci\u00f3n de la Unidad T\u00e9cnica Textil y Confecciones del CITEccal Lima del Instituto Tecnol\u00f3gico de la Producci\u00f3n (ITP) del Ministerio de la Producci\u00f3n (Produce), se desarroll\u00f3 el \u201cI Congreso Nacional de Industria Textil, confecci\u00f3n y Moda \u2013 CONITECOM\u201d a cargo de la Universidad Nacional de Ingenier\u00eda (UNI).","og_url":"https:\/\/www.producempresarial.pe\/en\/unidad-tecnica-textil-y-confecciones-lima-presente-en-el-i-congreso-nacional-de-industria-textil-confeccion-y-moda\/","og_site_name":"Observatorio PRODUCEmpresarial","article_published_time":"2023-11-24T19:07:58+00:00","article_modified_time":"2024-01-18T19:12:18+00:00","og_image":[{"width":645,"height":363,"url":"https:\/\/www.producempresarial.pe\/wp-content\/uploads\/2024\/01\/AnyConv.com__standard_872145-031434c9-11b3-4f1c-92aa-709984a734a1.jpg","type":"image\/jpeg"}],"author":"Harriet Gom\u00e9z Moncada","twitter_card":"summary_large_image","twitter_misc":{"Written por":"Harriet Gom\u00e9z Moncada","Est. reading time":"2 minutes"},"schema":{"@context":"https:\/\/schema.org","@graph":[{"@type":"Article","@id":"https:\/\/www.producempresarial.pe\/unidad-tecnica-textil-y-confecciones-lima-presente-en-el-i-congreso-nacional-de-industria-textil-confeccion-y-moda\/#article","isPartOf":{"@id":"https:\/\/www.producempresarial.pe\/unidad-tecnica-textil-y-confecciones-lima-presente-en-el-i-congreso-nacional-de-industria-textil-confeccion-y-moda\/"},"author":{"name":"Harriet Gom\u00e9z Moncada","@id":"https:\/\/www.producempresarial.pe\/#\/schema\/person\/febcc1b19fdd38e99a8203a98d537164"},"headline":"Unidad T\u00e9cnica Textil y Confecciones Lima presente en el I Congreso Nacional de Industria Textil, Confecci\u00f3n y Moda","datePublished":"2023-11-24T19:07:58+00:00","dateModified":"2024-01-18T19:12:18+00:00","mainEntityOfPage":{"@id":"https:\/\/www.producempresarial.pe\/unidad-tecnica-textil-y-confecciones-lima-presente-en-el-i-congreso-nacional-de-industria-textil-confeccion-y-moda\/"},"wordCount":366,"commentCount":0,"publisher":{"@id":"https:\/\/www.producempresarial.pe\/#organization"},"image":{"@id":"https:\/\/www.producempresarial.pe\/unidad-tecnica-textil-y-confecciones-lima-presente-en-el-i-congreso-nacional-de-industria-textil-confeccion-y-moda\/#primaryimage"},"thumbnailUrl":"https:\/\/www.producempresarial.pe\/wp-content\/uploads\/2024\/01\/AnyConv.com__standard_872145-031434c9-11b3-4f1c-92aa-709984a734a1.jpg","articleSection":["Sin categoria"],"inLanguage":"en-US","potentialAction":[{"@type":"CommentAction","name":"Comment","target":["https:\/\/www.producempresarial.pe\/unidad-tecnica-textil-y-confecciones-lima-presente-en-el-i-congreso-nacional-de-industria-textil-confeccion-y-moda\/#respond"]}]},{"@type":"WebPage","@id":"https:\/\/www.producempresarial.pe\/unidad-tecnica-textil-y-confecciones-lima-presente-en-el-i-congreso-nacional-de-industria-textil-confeccion-y-moda\/","url":"https:\/\/www.producempresarial.pe\/unidad-tecnica-textil-y-confecciones-lima-presente-en-el-i-congreso-nacional-de-industria-textil-confeccion-y-moda\/","name":"Unidad T\u00e9cnica Textil y Confecciones Lima presente en el I Congreso Nacional de Industria Textil, Confecci\u00f3n y Moda - Observatorio PRODUCEmpresarial","isPartOf":{"@id":"https:\/\/www.producempresarial.pe\/#website"},"primaryImageOfPage":{"@id":"https:\/\/www.producempresarial.pe\/unidad-tecnica-textil-y-confecciones-lima-presente-en-el-i-congreso-nacional-de-industria-textil-confeccion-y-moda\/#primaryimage"},"image":{"@id":"https:\/\/www.producempresarial.pe\/unidad-tecnica-textil-y-confecciones-lima-presente-en-el-i-congreso-nacional-de-industria-textil-confeccion-y-moda\/#primaryimage"},"thumbnailUrl":"https:\/\/www.producempresarial.pe\/wp-content\/uploads\/2024\/01\/AnyConv.com__standard_872145-031434c9-11b3-4f1c-92aa-709984a734a1.jpg","datePublished":"2023-11-24T19:07:58+00:00","dateModified":"2024-01-18T19:12:18+00:00","breadcrumb":{"@id":"https:\/\/www.producempresarial.pe\/unidad-tecnica-textil-y-confecciones-lima-presente-en-el-i-congreso-nacional-de-industria-textil-confeccion-y-moda\/#breadcrumb"},"inLanguage":"en-US","potentialAction":[{"@type":"ReadAction","target":["https:\/\/www.producempresarial.pe\/unidad-tecnica-textil-y-confecciones-lima-presente-en-el-i-congreso-nacional-de-industria-textil-confeccion-y-moda\/"]}]},{"@type":"ImageObject","inLanguage":"en-US","@id":"https:\/\/www.producempresarial.pe\/unidad-tecnica-textil-y-confecciones-lima-presente-en-el-i-congreso-nacional-de-industria-textil-confeccion-y-moda\/#primaryimage","url":"https:\/\/www.producempresarial.pe\/wp-content\/uploads\/2024\/01\/AnyConv.com__standard_872145-031434c9-11b3-4f1c-92aa-709984a734a1.jpg","contentUrl":"https:\/\/www.producempresarial.pe\/wp-content\/uploads\/2024\/01\/AnyConv.com__standard_872145-031434c9-11b3-4f1c-92aa-709984a734a1.jpg","width":645,"height":363},{"@type":"BreadcrumbList","@id":"https:\/\/www.producempresarial.pe\/unidad-tecnica-textil-y-confecciones-lima-presente-en-el-i-congreso-nacional-de-industria-textil-confeccion-y-moda\/#breadcrumb","itemListElement":[{"@type":"ListItem","position":1,"name":"Home","item":"https:\/\/www.producempresarial.pe\/"},{"@type":"ListItem","position":2,"name":"Unidad T\u00e9cnica Textil y Confecciones Lima presente en el I Congreso Nacional de Industria Textil, Confecci\u00f3n y Moda"}]},{"@type":"WebSite","@id":"https:\/\/www.producempresarial.pe\/#website","url":"https:\/\/www.producempresarial.pe\/","name":"PRODUCEmpresarial Observatory","description":"Herramienta estrat\u00e9gica que integra y genera peri\u00f3dicamente evidencia y an\u00e1lisis sobre el desempe\u00f1o productivo del sector empresarial, as\u00ed como contribuye en la difusi\u00f3n de informaci\u00f3n y documentos t\u00e9cnicos anal\u00edticos y especializados sobre el desempe\u00f1o de las empresas en el Per\u00fa.","publisher":{"@id":"https:\/\/www.producempresarial.pe\/#organization"},"potentialAction":[{"@type":"SearchAction","target":{"@type":"EntryPoint","urlTemplate":"https:\/\/www.producempresarial.pe\/?s={search_term_string}"},"query-input":{"@type":"PropertyValueSpecification","valueRequired":true,"valueName":"search_term_string"}}],"inLanguage":"en-US"},{"@type":"Organization","@id":"https:\/\/www.producempresarial.pe\/#organization","name":"PRDOUCE","url":"https:\/\/www.producempresarial.pe\/","logo":{"@type":"ImageObject","inLanguage":"en-US","@id":"https:\/\/www.producempresarial.pe\/#\/schema\/logo\/image\/","url":"https:\/\/www.producempresarial.pe\/wp-content\/uploads\/2024\/02\/image-logo-share.png","contentUrl":"https:\/\/www.producempresarial.pe\/wp-content\/uploads\/2024\/02\/image-logo-share.png","width":1200,"height":628,"caption":"PRDOUCE"},"image":{"@id":"https:\/\/www.producempresarial.pe\/#\/schema\/logo\/image\/"}},{"@type":"Person","@id":"https:\/\/www.producempresarial.pe\/#\/schema\/person\/febcc1b19fdd38e99a8203a98d537164","name":"Harriet Gom\u00e9z Moncada","url":"https:\/\/www.producempresarial.pe\/en\/author\/hgomezm\/"}]}},"_links":{"self":[{"href":"https:\/\/www.producempresarial.pe\/en\/wp-json\/wp\/v2\/posts\/5300","targetHints":{"allow":["GET"]}}],"collection":[{"href":"https:\/\/www.producempresarial.pe\/en\/wp-json\/wp\/v2\/posts"}],"about":[{"href":"https:\/\/www.producempresarial.pe\/en\/wp-json\/wp\/v2\/types\/post"}],"author":[{"embeddable":true,"href":"https:\/\/www.producempresarial.pe\/en\/wp-json\/wp\/v2\/users\/3"}],"replies":[{"embeddable":true,"href":"https:\/\/www.producempresarial.pe\/en\/wp-json\/wp\/v2\/comments?post=5300"}],"version-history":[{"count":7,"href":"https:\/\/www.producempresarial.pe\/en\/wp-json\/wp\/v2\/posts\/5300\/revisions"}],"predecessor-version":[{"id":5318,"href":"https:\/\/www.producempresarial.pe\/en\/wp-json\/wp\/v2\/posts\/5300\/revisions\/5318"}],"wp:featuredmedia":[{"embeddable":true,"href":"https:\/\/www.producempresarial.pe\/en\/wp-json\/wp\/v2\/media\/5307"}],"wp:attachment":[{"href":"https:\/\/www.producempresarial.pe\/en\/wp-json\/wp\/v2\/media?parent=5300"}],"wp:term":[{"taxonomy":"category","embeddable":true,"href":"https:\/\/www.producempresarial.pe\/en\/wp-json\/wp\/v2\/categories?post=5300"},{"taxonomy":"post_tag","embeddable":true,"href":"https:\/\/www.producempresarial.pe\/en\/wp-json\/wp\/v2\/tags?post=5300"}],"curies":[{"name":"wp","href":"https:\/\/api.w.org\/{rel}","templated":true}]}}