{"id":5431,"date":"2023-12-14T15:38:54","date_gmt":"2023-12-14T20:38:54","guid":{"rendered":"https:\/\/www.producempresarial.pe\/?p=5431"},"modified":"2024-01-18T16:38:41","modified_gmt":"2024-01-18T21:38:41","slug":"programa-jovenes-profesionales-2023-2024","status":"publish","type":"post","link":"https:\/\/www.producempresarial.pe\/en\/programa-jovenes-profesionales-2023-2024\/","title":{"rendered":"Programa J\u00f3venes Profesionales 2023 &#8211; 2024"},"content":{"rendered":"<p>El Instituto Nacional de Calidad \u2013 INACAL, los invita a participar en el Programa J\u00f3venes Profesionales 2023-2024 organizada por el Comit\u00e9 Nacional IEC\/Per\u00fa. Recepci\u00f3n de registros: Hasta el 15 de enero 2024.<\/p>","protected":false},"excerpt":{"rendered":"<p>El Instituto Nacional de Calidad \u2013 INACAL, los invita a participar en el Programa J\u00f3venes Profesionales 2023-2024 organizada por el Comit\u00e9 Nacional IEC\/Per\u00fa. Recepci\u00f3n de registros: Hasta el 15 de enero 2024.<\/p>","protected":false},"author":1,"featured_media":5432,"comment_status":"open","ping_status":"open","sticky":false,"template":"","format":"standard","meta":{"_acf_changed":false,"footnotes":""},"categories":[204],"tags":[],"class_list":["post-5431","post","type-post","status-publish","format-standard","has-post-thumbnail","hentry","category-capacitaciones-inacal"],"acf":[],"yoast_head":"<!-- This site is optimized with the Yoast SEO plugin v27.1.1 - https:\/\/yoast.com\/product\/yoast-seo-wordpress\/ -->\n<title>Programa J\u00f3venes Profesionales 2023 - 2024 - Observatorio PRODUCEmpresarial<\/title>\n<meta name=\"robots\" content=\"index, follow, max-snippet:-1, max-image-preview:large, max-video-preview:-1\" \/>\n<link rel=\"canonical\" href=\"https:\/\/www.producempresarial.pe\/en\/programa-jovenes-profesionales-2023-2024\/\" \/>\n<meta property=\"og:locale\" content=\"en_US\" \/>\n<meta property=\"og:type\" content=\"article\" \/>\n<meta property=\"og:title\" content=\"Programa J\u00f3venes Profesionales 2023 - 2024 - Observatorio PRODUCEmpresarial\" \/>\n<meta property=\"og:description\" content=\"El Instituto Nacional de Calidad \u2013 INACAL, los invita a participar en el Programa J\u00f3venes Profesionales 2023-2024 organizada por el Comit\u00e9 Nacional IEC\/Per\u00fa. Recepci\u00f3n de registros: Hasta el 15 de enero 2024.\" \/>\n<meta property=\"og:url\" content=\"https:\/\/www.producempresarial.pe\/en\/programa-jovenes-profesionales-2023-2024\/\" \/>\n<meta property=\"og:site_name\" content=\"Observatorio PRODUCEmpresarial\" \/>\n<meta property=\"article:published_time\" content=\"2023-12-14T20:38:54+00:00\" \/>\n<meta property=\"article:modified_time\" content=\"2024-01-18T21:38:41+00:00\" \/>\n<meta property=\"og:image\" content=\"https:\/\/www.producempresarial.pe\/wp-content\/uploads\/2024\/01\/Imagen11-1-1.png\" \/>\n\t<meta property=\"og:image:width\" content=\"364\" \/>\n\t<meta property=\"og:image:height\" content=\"220\" \/>\n\t<meta property=\"og:image:type\" content=\"image\/png\" \/>\n<meta name=\"author\" content=\"admin\" \/>\n<meta name=\"twitter:card\" content=\"summary_large_image\" \/>\n<meta name=\"twitter:label1\" content=\"Written por\" \/>\n\t<meta name=\"twitter:data1\" content=\"admin\" \/>\n<script type=\"application\/ld+json\" class=\"yoast-schema-graph\">{\"@context\":\"https:\/\/schema.org\",\"@graph\":[{\"@type\":\"Article\",\"@id\":\"https:\/\/www.producempresarial.pe\/programa-jovenes-profesionales-2023-2024\/#article\",\"isPartOf\":{\"@id\":\"https:\/\/www.producempresarial.pe\/programa-jovenes-profesionales-2023-2024\/\"},\"author\":{\"name\":\"admin\",\"@id\":\"https:\/\/www.producempresarial.pe\/#\/schema\/person\/6e13e1f2f8fc108ce3789cbdb23a5d21\"},\"headline\":\"Programa J\u00f3venes Profesionales 2023 &#8211; 2024\",\"datePublished\":\"2023-12-14T20:38:54+00:00\",\"dateModified\":\"2024-01-18T21:38:41+00:00\",\"mainEntityOfPage\":{\"@id\":\"https:\/\/www.producempresarial.pe\/programa-jovenes-profesionales-2023-2024\/\"},\"wordCount\":37,\"commentCount\":0,\"publisher\":{\"@id\":\"https:\/\/www.producempresarial.pe\/#organization\"},\"image\":{\"@id\":\"https:\/\/www.producempresarial.pe\/programa-jovenes-profesionales-2023-2024\/#primaryimage\"},\"thumbnailUrl\":\"https:\/\/www.producempresarial.pe\/wp-content\/uploads\/2024\/01\/Imagen11-1-1.png\",\"articleSection\":[\"Capacitaciones\"],\"inLanguage\":\"en-US\",\"potentialAction\":[{\"@type\":\"CommentAction\",\"name\":\"Comment\",\"target\":[\"https:\/\/www.producempresarial.pe\/programa-jovenes-profesionales-2023-2024\/#respond\"]}]},{\"@type\":\"WebPage\",\"@id\":\"https:\/\/www.producempresarial.pe\/programa-jovenes-profesionales-2023-2024\/\",\"url\":\"https:\/\/www.producempresarial.pe\/programa-jovenes-profesionales-2023-2024\/\",\"name\":\"Programa J\u00f3venes Profesionales 2023 - 2024 - Observatorio PRODUCEmpresarial\",\"isPartOf\":{\"@id\":\"https:\/\/www.producempresarial.pe\/#website\"},\"primaryImageOfPage\":{\"@id\":\"https:\/\/www.producempresarial.pe\/programa-jovenes-profesionales-2023-2024\/#primaryimage\"},\"image\":{\"@id\":\"https:\/\/www.producempresarial.pe\/programa-jovenes-profesionales-2023-2024\/#primaryimage\"},\"thumbnailUrl\":\"https:\/\/www.producempresarial.pe\/wp-content\/uploads\/2024\/01\/Imagen11-1-1.png\",\"datePublished\":\"2023-12-14T20:38:54+00:00\",\"dateModified\":\"2024-01-18T21:38:41+00:00\",\"breadcrumb\":{\"@id\":\"https:\/\/www.producempresarial.pe\/programa-jovenes-profesionales-2023-2024\/#breadcrumb\"},\"inLanguage\":\"en-US\",\"potentialAction\":[{\"@type\":\"ReadAction\",\"target\":[\"https:\/\/www.producempresarial.pe\/programa-jovenes-profesionales-2023-2024\/\"]}]},{\"@type\":\"ImageObject\",\"inLanguage\":\"en-US\",\"@id\":\"https:\/\/www.producempresarial.pe\/programa-jovenes-profesionales-2023-2024\/#primaryimage\",\"url\":\"https:\/\/www.producempresarial.pe\/wp-content\/uploads\/2024\/01\/Imagen11-1-1.png\",\"contentUrl\":\"https:\/\/www.producempresarial.pe\/wp-content\/uploads\/2024\/01\/Imagen11-1-1.png\",\"width\":364,\"height\":220},{\"@type\":\"BreadcrumbList\",\"@id\":\"https:\/\/www.producempresarial.pe\/programa-jovenes-profesionales-2023-2024\/#breadcrumb\",\"itemListElement\":[{\"@type\":\"ListItem\",\"position\":1,\"name\":\"Home\",\"item\":\"https:\/\/www.producempresarial.pe\/\"},{\"@type\":\"ListItem\",\"position\":2,\"name\":\"Programa J\u00f3venes Profesionales 2023 &#8211; 2024\"}]},{\"@type\":\"WebSite\",\"@id\":\"https:\/\/www.producempresarial.pe\/#website\",\"url\":\"https:\/\/www.producempresarial.pe\/\",\"name\":\"Observatorio PRODUCEmpresarial\",\"description\":\"Herramienta estrat\u00e9gica que integra y genera peri\u00f3dicamente evidencia y an\u00e1lisis sobre el desempe\u00f1o productivo del sector empresarial, as\u00ed como contribuye en la difusi\u00f3n de informaci\u00f3n y documentos t\u00e9cnicos anal\u00edticos y especializados sobre el desempe\u00f1o de las empresas en el Per\u00fa.\",\"publisher\":{\"@id\":\"https:\/\/www.producempresarial.pe\/#organization\"},\"potentialAction\":[{\"@type\":\"SearchAction\",\"target\":{\"@type\":\"EntryPoint\",\"urlTemplate\":\"https:\/\/www.producempresarial.pe\/?s={search_term_string}\"},\"query-input\":{\"@type\":\"PropertyValueSpecification\",\"valueRequired\":true,\"valueName\":\"search_term_string\"}}],\"inLanguage\":\"en-US\"},{\"@type\":\"Organization\",\"@id\":\"https:\/\/www.producempresarial.pe\/#organization\",\"name\":\"PRDOUCE\",\"url\":\"https:\/\/www.producempresarial.pe\/\",\"logo\":{\"@type\":\"ImageObject\",\"inLanguage\":\"en-US\",\"@id\":\"https:\/\/www.producempresarial.pe\/#\/schema\/logo\/image\/\",\"url\":\"https:\/\/www.producempresarial.pe\/wp-content\/uploads\/2024\/02\/image-logo-share.png\",\"contentUrl\":\"https:\/\/www.producempresarial.pe\/wp-content\/uploads\/2024\/02\/image-logo-share.png\",\"width\":1200,\"height\":628,\"caption\":\"PRDOUCE\"},\"image\":{\"@id\":\"https:\/\/www.producempresarial.pe\/#\/schema\/logo\/image\/\"}},{\"@type\":\"Person\",\"@id\":\"https:\/\/www.producempresarial.pe\/#\/schema\/person\/6e13e1f2f8fc108ce3789cbdb23a5d21\",\"name\":\"admin\",\"sameAs\":[\"https:\/\/www.producempresarial.pe\"],\"url\":\"https:\/\/www.producempresarial.pe\/en\/author\/admin\/\"}]}<\/script>\n<!-- \/ Yoast SEO plugin. -->","yoast_head_json":{"title":"Programa J\u00f3venes Profesionales 2023 - 2024 - Observatorio PRODUCEmpresarial","robots":{"index":"index","follow":"follow","max-snippet":"max-snippet:-1","max-image-preview":"max-image-preview:large","max-video-preview":"max-video-preview:-1"},"canonical":"https:\/\/www.producempresarial.pe\/en\/programa-jovenes-profesionales-2023-2024\/","og_locale":"en_US","og_type":"article","og_title":"Programa J\u00f3venes Profesionales 2023 - 2024 - Observatorio PRODUCEmpresarial","og_description":"El Instituto Nacional de Calidad \u2013 INACAL, los invita a participar en el Programa J\u00f3venes Profesionales 2023-2024 organizada por el Comit\u00e9 Nacional IEC\/Per\u00fa. Recepci\u00f3n de registros: Hasta el 15 de enero 2024.","og_url":"https:\/\/www.producempresarial.pe\/en\/programa-jovenes-profesionales-2023-2024\/","og_site_name":"Observatorio PRODUCEmpresarial","article_published_time":"2023-12-14T20:38:54+00:00","article_modified_time":"2024-01-18T21:38:41+00:00","og_image":[{"width":364,"height":220,"url":"https:\/\/www.producempresarial.pe\/wp-content\/uploads\/2024\/01\/Imagen11-1-1.png","type":"image\/png"}],"author":"admin","twitter_card":"summary_large_image","twitter_misc":{"Written por":"admin"},"schema":{"@context":"https:\/\/schema.org","@graph":[{"@type":"Article","@id":"https:\/\/www.producempresarial.pe\/programa-jovenes-profesionales-2023-2024\/#article","isPartOf":{"@id":"https:\/\/www.producempresarial.pe\/programa-jovenes-profesionales-2023-2024\/"},"author":{"name":"admin","@id":"https:\/\/www.producempresarial.pe\/#\/schema\/person\/6e13e1f2f8fc108ce3789cbdb23a5d21"},"headline":"Programa J\u00f3venes Profesionales 2023 &#8211; 2024","datePublished":"2023-12-14T20:38:54+00:00","dateModified":"2024-01-18T21:38:41+00:00","mainEntityOfPage":{"@id":"https:\/\/www.producempresarial.pe\/programa-jovenes-profesionales-2023-2024\/"},"wordCount":37,"commentCount":0,"publisher":{"@id":"https:\/\/www.producempresarial.pe\/#organization"},"image":{"@id":"https:\/\/www.producempresarial.pe\/programa-jovenes-profesionales-2023-2024\/#primaryimage"},"thumbnailUrl":"https:\/\/www.producempresarial.pe\/wp-content\/uploads\/2024\/01\/Imagen11-1-1.png","articleSection":["Capacitaciones"],"inLanguage":"en-US","potentialAction":[{"@type":"CommentAction","name":"Comment","target":["https:\/\/www.producempresarial.pe\/programa-jovenes-profesionales-2023-2024\/#respond"]}]},{"@type":"WebPage","@id":"https:\/\/www.producempresarial.pe\/programa-jovenes-profesionales-2023-2024\/","url":"https:\/\/www.producempresarial.pe\/programa-jovenes-profesionales-2023-2024\/","name":"Programa J\u00f3venes Profesionales 2023 - 2024 - Observatorio PRODUCEmpresarial","isPartOf":{"@id":"https:\/\/www.producempresarial.pe\/#website"},"primaryImageOfPage":{"@id":"https:\/\/www.producempresarial.pe\/programa-jovenes-profesionales-2023-2024\/#primaryimage"},"image":{"@id":"https:\/\/www.producempresarial.pe\/programa-jovenes-profesionales-2023-2024\/#primaryimage"},"thumbnailUrl":"https:\/\/www.producempresarial.pe\/wp-content\/uploads\/2024\/01\/Imagen11-1-1.png","datePublished":"2023-12-14T20:38:54+00:00","dateModified":"2024-01-18T21:38:41+00:00","breadcrumb":{"@id":"https:\/\/www.producempresarial.pe\/programa-jovenes-profesionales-2023-2024\/#breadcrumb"},"inLanguage":"en-US","potentialAction":[{"@type":"ReadAction","target":["https:\/\/www.producempresarial.pe\/programa-jovenes-profesionales-2023-2024\/"]}]},{"@type":"ImageObject","inLanguage":"en-US","@id":"https:\/\/www.producempresarial.pe\/programa-jovenes-profesionales-2023-2024\/#primaryimage","url":"https:\/\/www.producempresarial.pe\/wp-content\/uploads\/2024\/01\/Imagen11-1-1.png","contentUrl":"https:\/\/www.producempresarial.pe\/wp-content\/uploads\/2024\/01\/Imagen11-1-1.png","width":364,"height":220},{"@type":"BreadcrumbList","@id":"https:\/\/www.producempresarial.pe\/programa-jovenes-profesionales-2023-2024\/#breadcrumb","itemListElement":[{"@type":"ListItem","position":1,"name":"Home","item":"https:\/\/www.producempresarial.pe\/"},{"@type":"ListItem","position":2,"name":"Programa J\u00f3venes Profesionales 2023 &#8211; 2024"}]},{"@type":"WebSite","@id":"https:\/\/www.producempresarial.pe\/#website","url":"https:\/\/www.producempresarial.pe\/","name":"PRODUCEmpresarial Observatory","description":"Herramienta estrat\u00e9gica que integra y genera peri\u00f3dicamente evidencia y an\u00e1lisis sobre el desempe\u00f1o productivo del sector empresarial, as\u00ed como contribuye en la difusi\u00f3n de informaci\u00f3n y documentos t\u00e9cnicos anal\u00edticos y especializados sobre el desempe\u00f1o de las empresas en el Per\u00fa.","publisher":{"@id":"https:\/\/www.producempresarial.pe\/#organization"},"potentialAction":[{"@type":"SearchAction","target":{"@type":"EntryPoint","urlTemplate":"https:\/\/www.producempresarial.pe\/?s={search_term_string}"},"query-input":{"@type":"PropertyValueSpecification","valueRequired":true,"valueName":"search_term_string"}}],"inLanguage":"en-US"},{"@type":"Organization","@id":"https:\/\/www.producempresarial.pe\/#organization","name":"PRDOUCE","url":"https:\/\/www.producempresarial.pe\/","logo":{"@type":"ImageObject","inLanguage":"en-US","@id":"https:\/\/www.producempresarial.pe\/#\/schema\/logo\/image\/","url":"https:\/\/www.producempresarial.pe\/wp-content\/uploads\/2024\/02\/image-logo-share.png","contentUrl":"https:\/\/www.producempresarial.pe\/wp-content\/uploads\/2024\/02\/image-logo-share.png","width":1200,"height":628,"caption":"PRDOUCE"},"image":{"@id":"https:\/\/www.producempresarial.pe\/#\/schema\/logo\/image\/"}},{"@type":"Person","@id":"https:\/\/www.producempresarial.pe\/#\/schema\/person\/6e13e1f2f8fc108ce3789cbdb23a5d21","name":"admin","sameAs":["https:\/\/www.producempresarial.pe"],"url":"https:\/\/www.producempresarial.pe\/en\/author\/admin\/"}]}},"_links":{"self":[{"href":"https:\/\/www.producempresarial.pe\/en\/wp-json\/wp\/v2\/posts\/5431","targetHints":{"allow":["GET"]}}],"collection":[{"href":"https:\/\/www.producempresarial.pe\/en\/wp-json\/wp\/v2\/posts"}],"about":[{"href":"https:\/\/www.producempresarial.pe\/en\/wp-json\/wp\/v2\/types\/post"}],"author":[{"embeddable":true,"href":"https:\/\/www.producempresarial.pe\/en\/wp-json\/wp\/v2\/users\/1"}],"replies":[{"embeddable":true,"href":"https:\/\/www.producempresarial.pe\/en\/wp-json\/wp\/v2\/comments?post=5431"}],"version-history":[{"count":1,"href":"https:\/\/www.producempresarial.pe\/en\/wp-json\/wp\/v2\/posts\/5431\/revisions"}],"predecessor-version":[{"id":5434,"href":"https:\/\/www.producempresarial.pe\/en\/wp-json\/wp\/v2\/posts\/5431\/revisions\/5434"}],"wp:featuredmedia":[{"embeddable":true,"href":"https:\/\/www.producempresarial.pe\/en\/wp-json\/wp\/v2\/media\/5432"}],"wp:attachment":[{"href":"https:\/\/www.producempresarial.pe\/en\/wp-json\/wp\/v2\/media?parent=5431"}],"wp:term":[{"taxonomy":"category","embeddable":true,"href":"https:\/\/www.producempresarial.pe\/en\/wp-json\/wp\/v2\/categories?post=5431"},{"taxonomy":"post_tag","embeddable":true,"href":"https:\/\/www.producempresarial.pe\/en\/wp-json\/wp\/v2\/tags?post=5431"}],"curies":[{"name":"wp","href":"https:\/\/api.w.org\/{rel}","templated":true}]}}