{"id":7373,"date":"2024-01-26T10:47:14","date_gmt":"2024-01-26T15:47:14","guid":{"rendered":"https:\/\/www.producempresarial.pe\/?p=7373"},"modified":"2024-07-15T12:11:42","modified_gmt":"2024-07-15T17:11:42","slug":"encuesta-de-grandes-almacenes-e-hipermercados-minoristas","status":"publish","type":"post","link":"https:\/\/www.producempresarial.pe\/en\/encuesta-de-grandes-almacenes-e-hipermercados-minoristas\/","title":{"rendered":"Survey of Department Stores and Retail Hypermarkets"},"content":{"rendered":"<p>The Monthly Statistics Survey of Department Stores, Supermarkets and Specialized Stores was implemented with the purpose of obtaining indicators of the internal trade sector and basic information on the evolution of sales, employment and inventories of department stores, supermarkets and specialized stores as well as Malls.<\/p>\n\n\n\n<div data-wp-interactive=\"core\/file\" class=\"wp-block-file\"><object data-wp-bind--hidden=\"!state.hasPdfPreview\" hidden class=\"wp-block-file__embed\" data=\"https:\/\/www.producempresarial.pe\/wp-content\/uploads\/2024\/04\/Resolucion-Grandes-Almacenes-e-Hipermercados-Minoristas-2024-1.pdf\" type=\"application\/pdf\" style=\"width:100%;height:600px\" aria-label=\"Embed of Resolucion-Grandes-Almacenes-e-Hipermercados-Minoristas-2024-1.\"><\/object><a id=\"wp-block-file--media-65e1a089-88e8-4c1a-8612-b349a1d1d67b\" href=\"https:\/\/www.producempresarial.pe\/wp-content\/uploads\/2024\/04\/Resolucion-Grandes-Almacenes-e-Hipermercados-Minoristas-2024-1.pdf\">Resolucion-Grandes-Almacenes-e-Hipermercados-Minoristas-2024-1<\/a><a href=\"https:\/\/www.producempresarial.pe\/wp-content\/uploads\/2024\/04\/Resolucion-Grandes-Almacenes-e-Hipermercados-Minoristas-2024-1.pdf\" class=\"wp-block-file__button wp-element-button\" download aria-describedby=\"wp-block-file--media-65e1a089-88e8-4c1a-8612-b349a1d1d67b\">Headquarters Resolution N\u00b0059-2024<\/a><\/div>\n\n\n\n<div data-wp-interactive=\"core\/file\" class=\"wp-block-file\"><object data-wp-bind--hidden=\"!state.hasPdfPreview\" hidden class=\"wp-block-file__embed\" data=\"https:\/\/www.producempresarial.pe\/wp-content\/uploads\/2024\/07\/Sustento-Estadistica-de-Comercio-Interno-2024.pdf\" type=\"application\/pdf\" style=\"width:100%;height:600px\" aria-label=\"Embed of Sustento-Estadistica-de-Comercio-Interno-2024.\"><\/object><a id=\"wp-block-file--media-25f5d152-ea8e-42a9-90d4-8c3472ce2d93\" href=\"https:\/\/www.producempresarial.pe\/wp-content\/uploads\/2024\/07\/Sustento-Estadistica-de-Comercio-Interno-2024.pdf\">Sustento-Estadistica-de-Comercio-Interno-2024<\/a><a href=\"https:\/\/www.producempresarial.pe\/wp-content\/uploads\/2024\/07\/Sustento-Estadistica-de-Comercio-Interno-2024.pdf\" class=\"wp-block-file__button wp-element-button\" download aria-describedby=\"wp-block-file--media-25f5d152-ea8e-42a9-90d4-8c3472ce2d93\">Methodological Document<\/a><\/div>\n\n\n\n<div class=\"wp-block-file\"><a id=\"wp-block-file--media-d8a1d187-2a92-4392-a0d1-0c641ddfdb3d\" href=\"https:\/\/www.producempresarial.pe\/wp-content\/uploads\/2024\/04\/Formatos2024-CI-1.xls\">Formatos2024-CI-1<\/a><a href=\"https:\/\/www.producempresarial.pe\/wp-content\/uploads\/2024\/04\/Formatos2024-CI-1.xls\" class=\"wp-block-file__button wp-element-button\" download aria-describedby=\"wp-block-file--media-d8a1d187-2a92-4392-a0d1-0c641ddfdb3d\">Format<\/a><\/div>\n\n\n\n<div class=\"wp-block-file\"><a id=\"wp-block-file--media-982e36af-31d3-44a2-ab53-56887d6d711d\" href=\"https:\/\/www.producempresarial.pe\/wp-content\/uploads\/2024\/07\/Directorio-Comercio-Interno-2024-1.xlsx\">Directorio-Comercio-Interno-2024-1<\/a><a href=\"https:\/\/www.producempresarial.pe\/wp-content\/uploads\/2024\/07\/Directorio-Comercio-Interno-2024-1.xlsx\" class=\"wp-block-file__button wp-element-button\" download aria-describedby=\"wp-block-file--media-982e36af-31d3-44a2-ab53-56887d6d711d\">Directory 2024<\/a><\/div>","protected":false},"excerpt":{"rendered":"<p>The Monthly Statistics Survey of Department Stores, Supermarkets and Specialized Stores was implemented with the purpose of obtaining indicators of the internal trade sector and basic information on the evolution of sales, employment and inventories of department stores, supermarkets and specialized stores as well as Malls.<\/p>","protected":false},"author":1,"featured_media":7395,"comment_status":"open","ping_status":"open","sticky":false,"template":"","format":"standard","meta":{"_acf_changed":false,"footnotes":""},"categories":[284],"tags":[],"class_list":["post-7373","post","type-post","status-publish","format-standard","has-post-thumbnail","hentry","category-comercio-encuestas-grandes"],"acf":[],"yoast_head":"<!-- This site is optimized with the Yoast SEO plugin v27.1.1 - https:\/\/yoast.com\/product\/yoast-seo-wordpress\/ -->\n<title>Encuesta de Grandes Almacenes e Hipermercados Minoristas - Observatorio PRODUCEmpresarial<\/title>\n<meta name=\"robots\" content=\"index, follow, max-snippet:-1, max-image-preview:large, max-video-preview:-1\" \/>\n<link rel=\"canonical\" href=\"https:\/\/www.producempresarial.pe\/en\/encuesta-de-grandes-almacenes-e-hipermercados-minoristas\/\" \/>\n<meta property=\"og:locale\" content=\"en_US\" \/>\n<meta property=\"og:type\" content=\"article\" \/>\n<meta property=\"og:title\" content=\"Encuesta de Grandes Almacenes e Hipermercados Minoristas - Observatorio PRODUCEmpresarial\" \/>\n<meta property=\"og:description\" content=\"La Encuesta de Estad\u00edstica Mensual de Grandes Almacenes Supermercados y Tiendas Especializadas, se implement\u00f3 con la finalidad de obtener indicadores del sector comercio interno e informaci\u00f3n b\u00e1sica sobre la evoluci\u00f3n de las ventas, el empleo y los inventarios de los grandes almacenes supermercados y tiendas especializadas as\u00ed como Centros Comerciales.\" \/>\n<meta property=\"og:url\" content=\"https:\/\/www.producempresarial.pe\/en\/encuesta-de-grandes-almacenes-e-hipermercados-minoristas\/\" \/>\n<meta property=\"og:site_name\" content=\"Observatorio PRODUCEmpresarial\" \/>\n<meta property=\"article:published_time\" content=\"2024-01-26T15:47:14+00:00\" \/>\n<meta property=\"article:modified_time\" content=\"2024-07-15T17:11:42+00:00\" \/>\n<meta property=\"og:image\" content=\"https:\/\/www.producempresarial.pe\/wp-content\/uploads\/2024\/01\/supermercado-e1706285829417.jpg\" \/>\n\t<meta property=\"og:image:width\" content=\"356\" \/>\n\t<meta property=\"og:image:height\" content=\"200\" \/>\n\t<meta property=\"og:image:type\" content=\"image\/jpeg\" \/>\n<meta name=\"author\" content=\"admin\" \/>\n<meta name=\"twitter:card\" content=\"summary_large_image\" \/>\n<meta name=\"twitter:label1\" content=\"Written por\" \/>\n\t<meta name=\"twitter:data1\" content=\"admin\" \/>\n\t<meta name=\"twitter:label2\" content=\"Est. reading time\" \/>\n\t<meta name=\"twitter:data2\" content=\"1 minute\" \/>\n<script type=\"application\/ld+json\" class=\"yoast-schema-graph\">{\"@context\":\"https:\/\/schema.org\",\"@graph\":[{\"@type\":\"Article\",\"@id\":\"https:\/\/www.producempresarial.pe\/encuesta-de-grandes-almacenes-e-hipermercados-minoristas\/#article\",\"isPartOf\":{\"@id\":\"https:\/\/www.producempresarial.pe\/encuesta-de-grandes-almacenes-e-hipermercados-minoristas\/\"},\"author\":{\"name\":\"admin\",\"@id\":\"https:\/\/www.producempresarial.pe\/#\/schema\/person\/6e13e1f2f8fc108ce3789cbdb23a5d21\"},\"headline\":\"Encuesta de Grandes Almacenes e Hipermercados Minoristas\",\"datePublished\":\"2024-01-26T15:47:14+00:00\",\"dateModified\":\"2024-07-15T17:11:42+00:00\",\"mainEntityOfPage\":{\"@id\":\"https:\/\/www.producempresarial.pe\/encuesta-de-grandes-almacenes-e-hipermercados-minoristas\/\"},\"wordCount\":78,\"commentCount\":0,\"publisher\":{\"@id\":\"https:\/\/www.producempresarial.pe\/#organization\"},\"image\":{\"@id\":\"https:\/\/www.producempresarial.pe\/encuesta-de-grandes-almacenes-e-hipermercados-minoristas\/#primaryimage\"},\"thumbnailUrl\":\"https:\/\/www.producempresarial.pe\/wp-content\/uploads\/2024\/01\/supermercado-e1706285829417.jpg\",\"articleSection\":[\"Encuesta de Grandes Almacenes e Hipermercados Minoristas\"],\"inLanguage\":\"en-US\",\"potentialAction\":[{\"@type\":\"CommentAction\",\"name\":\"Comment\",\"target\":[\"https:\/\/www.producempresarial.pe\/encuesta-de-grandes-almacenes-e-hipermercados-minoristas\/#respond\"]}]},{\"@type\":\"WebPage\",\"@id\":\"https:\/\/www.producempresarial.pe\/encuesta-de-grandes-almacenes-e-hipermercados-minoristas\/\",\"url\":\"https:\/\/www.producempresarial.pe\/encuesta-de-grandes-almacenes-e-hipermercados-minoristas\/\",\"name\":\"Encuesta de Grandes Almacenes e Hipermercados Minoristas - Observatorio PRODUCEmpresarial\",\"isPartOf\":{\"@id\":\"https:\/\/www.producempresarial.pe\/#website\"},\"primaryImageOfPage\":{\"@id\":\"https:\/\/www.producempresarial.pe\/encuesta-de-grandes-almacenes-e-hipermercados-minoristas\/#primaryimage\"},\"image\":{\"@id\":\"https:\/\/www.producempresarial.pe\/encuesta-de-grandes-almacenes-e-hipermercados-minoristas\/#primaryimage\"},\"thumbnailUrl\":\"https:\/\/www.producempresarial.pe\/wp-content\/uploads\/2024\/01\/supermercado-e1706285829417.jpg\",\"datePublished\":\"2024-01-26T15:47:14+00:00\",\"dateModified\":\"2024-07-15T17:11:42+00:00\",\"breadcrumb\":{\"@id\":\"https:\/\/www.producempresarial.pe\/encuesta-de-grandes-almacenes-e-hipermercados-minoristas\/#breadcrumb\"},\"inLanguage\":\"en-US\",\"potentialAction\":[{\"@type\":\"ReadAction\",\"target\":[\"https:\/\/www.producempresarial.pe\/encuesta-de-grandes-almacenes-e-hipermercados-minoristas\/\"]}]},{\"@type\":\"ImageObject\",\"inLanguage\":\"en-US\",\"@id\":\"https:\/\/www.producempresarial.pe\/encuesta-de-grandes-almacenes-e-hipermercados-minoristas\/#primaryimage\",\"url\":\"https:\/\/www.producempresarial.pe\/wp-content\/uploads\/2024\/01\/supermercado-e1706285829417.jpg\",\"contentUrl\":\"https:\/\/www.producempresarial.pe\/wp-content\/uploads\/2024\/01\/supermercado-e1706285829417.jpg\",\"width\":356,\"height\":200},{\"@type\":\"BreadcrumbList\",\"@id\":\"https:\/\/www.producempresarial.pe\/encuesta-de-grandes-almacenes-e-hipermercados-minoristas\/#breadcrumb\",\"itemListElement\":[{\"@type\":\"ListItem\",\"position\":1,\"name\":\"Home\",\"item\":\"https:\/\/www.producempresarial.pe\/\"},{\"@type\":\"ListItem\",\"position\":2,\"name\":\"Encuesta de Grandes Almacenes e Hipermercados Minoristas\"}]},{\"@type\":\"WebSite\",\"@id\":\"https:\/\/www.producempresarial.pe\/#website\",\"url\":\"https:\/\/www.producempresarial.pe\/\",\"name\":\"Observatorio PRODUCEmpresarial\",\"description\":\"Herramienta estrat\u00e9gica que integra y genera peri\u00f3dicamente evidencia y an\u00e1lisis sobre el desempe\u00f1o productivo del sector empresarial, as\u00ed como contribuye en la difusi\u00f3n de informaci\u00f3n y documentos t\u00e9cnicos anal\u00edticos y especializados sobre el desempe\u00f1o de las empresas en el Per\u00fa.\",\"publisher\":{\"@id\":\"https:\/\/www.producempresarial.pe\/#organization\"},\"potentialAction\":[{\"@type\":\"SearchAction\",\"target\":{\"@type\":\"EntryPoint\",\"urlTemplate\":\"https:\/\/www.producempresarial.pe\/?s={search_term_string}\"},\"query-input\":{\"@type\":\"PropertyValueSpecification\",\"valueRequired\":true,\"valueName\":\"search_term_string\"}}],\"inLanguage\":\"en-US\"},{\"@type\":\"Organization\",\"@id\":\"https:\/\/www.producempresarial.pe\/#organization\",\"name\":\"PRDOUCE\",\"url\":\"https:\/\/www.producempresarial.pe\/\",\"logo\":{\"@type\":\"ImageObject\",\"inLanguage\":\"en-US\",\"@id\":\"https:\/\/www.producempresarial.pe\/#\/schema\/logo\/image\/\",\"url\":\"https:\/\/www.producempresarial.pe\/wp-content\/uploads\/2024\/02\/image-logo-share.png\",\"contentUrl\":\"https:\/\/www.producempresarial.pe\/wp-content\/uploads\/2024\/02\/image-logo-share.png\",\"width\":1200,\"height\":628,\"caption\":\"PRDOUCE\"},\"image\":{\"@id\":\"https:\/\/www.producempresarial.pe\/#\/schema\/logo\/image\/\"}},{\"@type\":\"Person\",\"@id\":\"https:\/\/www.producempresarial.pe\/#\/schema\/person\/6e13e1f2f8fc108ce3789cbdb23a5d21\",\"name\":\"admin\",\"sameAs\":[\"https:\/\/www.producempresarial.pe\"],\"url\":\"https:\/\/www.producempresarial.pe\/en\/author\/admin\/\"}]}<\/script>\n<!-- \/ Yoast SEO plugin. -->","yoast_head_json":{"title":"Encuesta de Grandes Almacenes e Hipermercados Minoristas - Observatorio PRODUCEmpresarial","robots":{"index":"index","follow":"follow","max-snippet":"max-snippet:-1","max-image-preview":"max-image-preview:large","max-video-preview":"max-video-preview:-1"},"canonical":"https:\/\/www.producempresarial.pe\/en\/encuesta-de-grandes-almacenes-e-hipermercados-minoristas\/","og_locale":"en_US","og_type":"article","og_title":"Encuesta de Grandes Almacenes e Hipermercados Minoristas - Observatorio PRODUCEmpresarial","og_description":"La Encuesta de Estad\u00edstica Mensual de Grandes Almacenes Supermercados y Tiendas Especializadas, se implement\u00f3 con la finalidad de obtener indicadores del sector comercio interno e informaci\u00f3n b\u00e1sica sobre la evoluci\u00f3n de las ventas, el empleo y los inventarios de los grandes almacenes supermercados y tiendas especializadas as\u00ed como Centros Comerciales.","og_url":"https:\/\/www.producempresarial.pe\/en\/encuesta-de-grandes-almacenes-e-hipermercados-minoristas\/","og_site_name":"Observatorio PRODUCEmpresarial","article_published_time":"2024-01-26T15:47:14+00:00","article_modified_time":"2024-07-15T17:11:42+00:00","og_image":[{"width":356,"height":200,"url":"https:\/\/www.producempresarial.pe\/wp-content\/uploads\/2024\/01\/supermercado-e1706285829417.jpg","type":"image\/jpeg"}],"author":"admin","twitter_card":"summary_large_image","twitter_misc":{"Written por":"admin","Est. reading time":"1 minute"},"schema":{"@context":"https:\/\/schema.org","@graph":[{"@type":"Article","@id":"https:\/\/www.producempresarial.pe\/encuesta-de-grandes-almacenes-e-hipermercados-minoristas\/#article","isPartOf":{"@id":"https:\/\/www.producempresarial.pe\/encuesta-de-grandes-almacenes-e-hipermercados-minoristas\/"},"author":{"name":"admin","@id":"https:\/\/www.producempresarial.pe\/#\/schema\/person\/6e13e1f2f8fc108ce3789cbdb23a5d21"},"headline":"Encuesta de Grandes Almacenes e Hipermercados Minoristas","datePublished":"2024-01-26T15:47:14+00:00","dateModified":"2024-07-15T17:11:42+00:00","mainEntityOfPage":{"@id":"https:\/\/www.producempresarial.pe\/encuesta-de-grandes-almacenes-e-hipermercados-minoristas\/"},"wordCount":78,"commentCount":0,"publisher":{"@id":"https:\/\/www.producempresarial.pe\/#organization"},"image":{"@id":"https:\/\/www.producempresarial.pe\/encuesta-de-grandes-almacenes-e-hipermercados-minoristas\/#primaryimage"},"thumbnailUrl":"https:\/\/www.producempresarial.pe\/wp-content\/uploads\/2024\/01\/supermercado-e1706285829417.jpg","articleSection":["Encuesta de Grandes Almacenes e Hipermercados Minoristas"],"inLanguage":"en-US","potentialAction":[{"@type":"CommentAction","name":"Comment","target":["https:\/\/www.producempresarial.pe\/encuesta-de-grandes-almacenes-e-hipermercados-minoristas\/#respond"]}]},{"@type":"WebPage","@id":"https:\/\/www.producempresarial.pe\/encuesta-de-grandes-almacenes-e-hipermercados-minoristas\/","url":"https:\/\/www.producempresarial.pe\/encuesta-de-grandes-almacenes-e-hipermercados-minoristas\/","name":"Encuesta de Grandes Almacenes e Hipermercados Minoristas - Observatorio PRODUCEmpresarial","isPartOf":{"@id":"https:\/\/www.producempresarial.pe\/#website"},"primaryImageOfPage":{"@id":"https:\/\/www.producempresarial.pe\/encuesta-de-grandes-almacenes-e-hipermercados-minoristas\/#primaryimage"},"image":{"@id":"https:\/\/www.producempresarial.pe\/encuesta-de-grandes-almacenes-e-hipermercados-minoristas\/#primaryimage"},"thumbnailUrl":"https:\/\/www.producempresarial.pe\/wp-content\/uploads\/2024\/01\/supermercado-e1706285829417.jpg","datePublished":"2024-01-26T15:47:14+00:00","dateModified":"2024-07-15T17:11:42+00:00","breadcrumb":{"@id":"https:\/\/www.producempresarial.pe\/encuesta-de-grandes-almacenes-e-hipermercados-minoristas\/#breadcrumb"},"inLanguage":"en-US","potentialAction":[{"@type":"ReadAction","target":["https:\/\/www.producempresarial.pe\/encuesta-de-grandes-almacenes-e-hipermercados-minoristas\/"]}]},{"@type":"ImageObject","inLanguage":"en-US","@id":"https:\/\/www.producempresarial.pe\/encuesta-de-grandes-almacenes-e-hipermercados-minoristas\/#primaryimage","url":"https:\/\/www.producempresarial.pe\/wp-content\/uploads\/2024\/01\/supermercado-e1706285829417.jpg","contentUrl":"https:\/\/www.producempresarial.pe\/wp-content\/uploads\/2024\/01\/supermercado-e1706285829417.jpg","width":356,"height":200},{"@type":"BreadcrumbList","@id":"https:\/\/www.producempresarial.pe\/encuesta-de-grandes-almacenes-e-hipermercados-minoristas\/#breadcrumb","itemListElement":[{"@type":"ListItem","position":1,"name":"Home","item":"https:\/\/www.producempresarial.pe\/"},{"@type":"ListItem","position":2,"name":"Encuesta de Grandes Almacenes e Hipermercados Minoristas"}]},{"@type":"WebSite","@id":"https:\/\/www.producempresarial.pe\/#website","url":"https:\/\/www.producempresarial.pe\/","name":"PRODUCEmpresarial Observatory","description":"Herramienta estrat\u00e9gica que integra y genera peri\u00f3dicamente evidencia y an\u00e1lisis sobre el desempe\u00f1o productivo del sector empresarial, as\u00ed como contribuye en la difusi\u00f3n de informaci\u00f3n y documentos t\u00e9cnicos anal\u00edticos y especializados sobre el desempe\u00f1o de las empresas en el Per\u00fa.","publisher":{"@id":"https:\/\/www.producempresarial.pe\/#organization"},"potentialAction":[{"@type":"SearchAction","target":{"@type":"EntryPoint","urlTemplate":"https:\/\/www.producempresarial.pe\/?s={search_term_string}"},"query-input":{"@type":"PropertyValueSpecification","valueRequired":true,"valueName":"search_term_string"}}],"inLanguage":"en-US"},{"@type":"Organization","@id":"https:\/\/www.producempresarial.pe\/#organization","name":"PRDOUCE","url":"https:\/\/www.producempresarial.pe\/","logo":{"@type":"ImageObject","inLanguage":"en-US","@id":"https:\/\/www.producempresarial.pe\/#\/schema\/logo\/image\/","url":"https:\/\/www.producempresarial.pe\/wp-content\/uploads\/2024\/02\/image-logo-share.png","contentUrl":"https:\/\/www.producempresarial.pe\/wp-content\/uploads\/2024\/02\/image-logo-share.png","width":1200,"height":628,"caption":"PRDOUCE"},"image":{"@id":"https:\/\/www.producempresarial.pe\/#\/schema\/logo\/image\/"}},{"@type":"Person","@id":"https:\/\/www.producempresarial.pe\/#\/schema\/person\/6e13e1f2f8fc108ce3789cbdb23a5d21","name":"admin","sameAs":["https:\/\/www.producempresarial.pe"],"url":"https:\/\/www.producempresarial.pe\/en\/author\/admin\/"}]}},"_links":{"self":[{"href":"https:\/\/www.producempresarial.pe\/en\/wp-json\/wp\/v2\/posts\/7373","targetHints":{"allow":["GET"]}}],"collection":[{"href":"https:\/\/www.producempresarial.pe\/en\/wp-json\/wp\/v2\/posts"}],"about":[{"href":"https:\/\/www.producempresarial.pe\/en\/wp-json\/wp\/v2\/types\/post"}],"author":[{"embeddable":true,"href":"https:\/\/www.producempresarial.pe\/en\/wp-json\/wp\/v2\/users\/1"}],"replies":[{"embeddable":true,"href":"https:\/\/www.producempresarial.pe\/en\/wp-json\/wp\/v2\/comments?post=7373"}],"version-history":[{"count":15,"href":"https:\/\/www.producempresarial.pe\/en\/wp-json\/wp\/v2\/posts\/7373\/revisions"}],"predecessor-version":[{"id":18400,"href":"https:\/\/www.producempresarial.pe\/en\/wp-json\/wp\/v2\/posts\/7373\/revisions\/18400"}],"wp:featuredmedia":[{"embeddable":true,"href":"https:\/\/www.producempresarial.pe\/en\/wp-json\/wp\/v2\/media\/7395"}],"wp:attachment":[{"href":"https:\/\/www.producempresarial.pe\/en\/wp-json\/wp\/v2\/media?parent=7373"}],"wp:term":[{"taxonomy":"category","embeddable":true,"href":"https:\/\/www.producempresarial.pe\/en\/wp-json\/wp\/v2\/categories?post=7373"},{"taxonomy":"post_tag","embeddable":true,"href":"https:\/\/www.producempresarial.pe\/en\/wp-json\/wp\/v2\/tags?post=7373"}],"curies":[{"name":"wp","href":"https:\/\/api.w.org\/{rel}","templated":true}]}}