{"id":9601,"date":"2024-01-28T00:05:47","date_gmt":"2024-01-28T05:05:47","guid":{"rendered":"https:\/\/www.producempresarial.pe\/?p=9601"},"modified":"2024-06-27T10:09:20","modified_gmt":"2024-06-27T15:09:20","slug":"la-productividad-y-el-tejido-empresarial-peruano","status":"publish","type":"post","link":"https:\/\/www.producempresarial.pe\/en\/la-productividad-y-el-tejido-empresarial-peruano\/","title":{"rendered":"Productivity and the Peruvian Business Landscape"},"content":{"rendered":"<p>From the perspective of production and innovation systems, different programs and interventions have been created to provide public services that enable firms to move toward productivity improvement. However, most of these efforts still require the necessary maturity to have a timely and effective impact on such a distinctive business landscape.<\/p>\n\n\n\n<div data-wp-interactive=\"core\/file\" class=\"wp-block-file\"><object data-wp-bind--hidden=\"!state.hasPdfPreview\" hidden class=\"wp-block-file__embed\" data=\"https:\/\/www.producempresarial.pe\/wp-content\/uploads\/2024\/01\/22092020-La-Productividad-y-el-Tejido-Empresarial-Peruano-.pdf\" type=\"application\/pdf\" style=\"width:100%;height:600px\" aria-label=\"Embed of 22092020-La-Productividad-y-el-Tejido-Empresarial-Peruano-.\"><\/object><a id=\"wp-block-file--media-6a23a831-840b-4f1f-97ab-a15820c9f1e2\" href=\"https:\/\/www.producempresarial.pe\/wp-content\/uploads\/2024\/01\/22092020-La-Productividad-y-el-Tejido-Empresarial-Peruano-.pdf\">22092020-La-Productividad-y-el-Tejido-Empresarial-Peruano-<\/a><a href=\"https:\/\/www.producempresarial.pe\/wp-content\/uploads\/2024\/01\/22092020-La-Productividad-y-el-Tejido-Empresarial-Peruano-.pdf\" class=\"wp-block-file__button wp-element-button\" download aria-describedby=\"wp-block-file--media-6a23a831-840b-4f1f-97ab-a15820c9f1e2\">Download PDF<\/a><\/div>","protected":false},"excerpt":{"rendered":"<p>From the perspective of production and innovation systems, different programs and interventions have been created to provide public services that enable firms to move toward productivity improvement. However, most of these efforts still require the necessary maturity to have a timely and effective impact on such a distinctive business landscape.<\/p>","protected":false},"author":1,"featured_media":9616,"comment_status":"open","ping_status":"open","sticky":false,"template":"","format":"standard","meta":{"_acf_changed":false,"footnotes":""},"categories":[213,224],"tags":[],"class_list":["post-9601","post","type-post","status-publish","format-standard","has-post-thumbnail","hentry","category-empresas-om","category-publicaciones-publicaciones"],"acf":[],"yoast_head":"<!-- This site is optimized with the Yoast SEO plugin v27.1.1 - https:\/\/yoast.com\/product\/yoast-seo-wordpress\/ -->\n<title>La productividad y el tejido empresarial peruano - Observatorio PRODUCEmpresarial<\/title>\n<meta name=\"robots\" content=\"index, follow, max-snippet:-1, max-image-preview:large, max-video-preview:-1\" \/>\n<link rel=\"canonical\" href=\"https:\/\/www.producempresarial.pe\/en\/la-productividad-y-el-tejido-empresarial-peruano\/\" \/>\n<meta property=\"og:locale\" content=\"en_US\" \/>\n<meta property=\"og:type\" content=\"article\" \/>\n<meta property=\"og:title\" content=\"La productividad y el tejido empresarial peruano - Observatorio PRODUCEmpresarial\" \/>\n<meta property=\"og:description\" content=\"Desde la \u00f3ptica de los sistemas de producci\u00f3n e innovaci\u00f3n, se han creado diferentes&nbsp;programas e intervenciones que apuntan a una oferta de servicios p\u00fablicos que permita a las&nbsp;firmas transitar hacia una mejora en productividad. La mayor\u00eda de estos esfuerzos, todav\u00eda,&nbsp;requiere la madurez necesaria para lograr impactar oportuna y eficazmente en un tejido&nbsp;empresarial tan caracter\u00edstico\" \/>\n<meta property=\"og:url\" content=\"https:\/\/www.producempresarial.pe\/en\/la-productividad-y-el-tejido-empresarial-peruano\/\" \/>\n<meta property=\"og:site_name\" content=\"Observatorio PRODUCEmpresarial\" \/>\n<meta property=\"article:published_time\" content=\"2024-01-28T05:05:47+00:00\" \/>\n<meta property=\"article:modified_time\" content=\"2024-06-27T15:09:20+00:00\" \/>\n<meta property=\"og:image\" content=\"https:\/\/www.producempresarial.pe\/wp-content\/uploads\/2024\/01\/portada_productividad.jpeg\" \/>\n\t<meta property=\"og:image:width\" content=\"300\" \/>\n\t<meta property=\"og:image:height\" content=\"400\" \/>\n\t<meta property=\"og:image:type\" content=\"image\/jpeg\" \/>\n<meta name=\"author\" content=\"admin\" \/>\n<meta name=\"twitter:card\" content=\"summary_large_image\" \/>\n<meta name=\"twitter:label1\" content=\"Written por\" \/>\n\t<meta name=\"twitter:data1\" content=\"admin\" \/>\n\t<meta name=\"twitter:label2\" content=\"Est. reading time\" \/>\n\t<meta name=\"twitter:data2\" content=\"1 minute\" \/>\n<script type=\"application\/ld+json\" class=\"yoast-schema-graph\">{\"@context\":\"https:\/\/schema.org\",\"@graph\":[{\"@type\":\"Article\",\"@id\":\"https:\/\/www.producempresarial.pe\/la-productividad-y-el-tejido-empresarial-peruano\/#article\",\"isPartOf\":{\"@id\":\"https:\/\/www.producempresarial.pe\/la-productividad-y-el-tejido-empresarial-peruano\/\"},\"author\":{\"name\":\"admin\",\"@id\":\"https:\/\/www.producempresarial.pe\/#\/schema\/person\/6e13e1f2f8fc108ce3789cbdb23a5d21\"},\"headline\":\"La productividad y el tejido empresarial peruano\",\"datePublished\":\"2024-01-28T05:05:47+00:00\",\"dateModified\":\"2024-06-27T15:09:20+00:00\",\"mainEntityOfPage\":{\"@id\":\"https:\/\/www.producempresarial.pe\/la-productividad-y-el-tejido-empresarial-peruano\/\"},\"wordCount\":78,\"commentCount\":0,\"publisher\":{\"@id\":\"https:\/\/www.producempresarial.pe\/#organization\"},\"image\":{\"@id\":\"https:\/\/www.producempresarial.pe\/la-productividad-y-el-tejido-empresarial-peruano\/#primaryimage\"},\"thumbnailUrl\":\"https:\/\/www.producempresarial.pe\/wp-content\/uploads\/2024\/01\/portada_productividad.jpeg\",\"articleSection\":[\"Empresas en n\u00fameros\",\"Publicaciones\"],\"inLanguage\":\"en-US\",\"potentialAction\":[{\"@type\":\"CommentAction\",\"name\":\"Comment\",\"target\":[\"https:\/\/www.producempresarial.pe\/la-productividad-y-el-tejido-empresarial-peruano\/#respond\"]}]},{\"@type\":\"WebPage\",\"@id\":\"https:\/\/www.producempresarial.pe\/la-productividad-y-el-tejido-empresarial-peruano\/\",\"url\":\"https:\/\/www.producempresarial.pe\/la-productividad-y-el-tejido-empresarial-peruano\/\",\"name\":\"La productividad y el tejido empresarial peruano - Observatorio PRODUCEmpresarial\",\"isPartOf\":{\"@id\":\"https:\/\/www.producempresarial.pe\/#website\"},\"primaryImageOfPage\":{\"@id\":\"https:\/\/www.producempresarial.pe\/la-productividad-y-el-tejido-empresarial-peruano\/#primaryimage\"},\"image\":{\"@id\":\"https:\/\/www.producempresarial.pe\/la-productividad-y-el-tejido-empresarial-peruano\/#primaryimage\"},\"thumbnailUrl\":\"https:\/\/www.producempresarial.pe\/wp-content\/uploads\/2024\/01\/portada_productividad.jpeg\",\"datePublished\":\"2024-01-28T05:05:47+00:00\",\"dateModified\":\"2024-06-27T15:09:20+00:00\",\"breadcrumb\":{\"@id\":\"https:\/\/www.producempresarial.pe\/la-productividad-y-el-tejido-empresarial-peruano\/#breadcrumb\"},\"inLanguage\":\"en-US\",\"potentialAction\":[{\"@type\":\"ReadAction\",\"target\":[\"https:\/\/www.producempresarial.pe\/la-productividad-y-el-tejido-empresarial-peruano\/\"]}]},{\"@type\":\"ImageObject\",\"inLanguage\":\"en-US\",\"@id\":\"https:\/\/www.producempresarial.pe\/la-productividad-y-el-tejido-empresarial-peruano\/#primaryimage\",\"url\":\"https:\/\/www.producempresarial.pe\/wp-content\/uploads\/2024\/01\/portada_productividad.jpeg\",\"contentUrl\":\"https:\/\/www.producempresarial.pe\/wp-content\/uploads\/2024\/01\/portada_productividad.jpeg\",\"width\":300,\"height\":400},{\"@type\":\"BreadcrumbList\",\"@id\":\"https:\/\/www.producempresarial.pe\/la-productividad-y-el-tejido-empresarial-peruano\/#breadcrumb\",\"itemListElement\":[{\"@type\":\"ListItem\",\"position\":1,\"name\":\"Home\",\"item\":\"https:\/\/www.producempresarial.pe\/\"},{\"@type\":\"ListItem\",\"position\":2,\"name\":\"La productividad y el tejido empresarial peruano\"}]},{\"@type\":\"WebSite\",\"@id\":\"https:\/\/www.producempresarial.pe\/#website\",\"url\":\"https:\/\/www.producempresarial.pe\/\",\"name\":\"Observatorio PRODUCEmpresarial\",\"description\":\"Herramienta estrat\u00e9gica que integra y genera peri\u00f3dicamente evidencia y an\u00e1lisis sobre el desempe\u00f1o productivo del sector empresarial, as\u00ed como contribuye en la difusi\u00f3n de informaci\u00f3n y documentos t\u00e9cnicos anal\u00edticos y especializados sobre el desempe\u00f1o de las empresas en el Per\u00fa.\",\"publisher\":{\"@id\":\"https:\/\/www.producempresarial.pe\/#organization\"},\"potentialAction\":[{\"@type\":\"SearchAction\",\"target\":{\"@type\":\"EntryPoint\",\"urlTemplate\":\"https:\/\/www.producempresarial.pe\/?s={search_term_string}\"},\"query-input\":{\"@type\":\"PropertyValueSpecification\",\"valueRequired\":true,\"valueName\":\"search_term_string\"}}],\"inLanguage\":\"en-US\"},{\"@type\":\"Organization\",\"@id\":\"https:\/\/www.producempresarial.pe\/#organization\",\"name\":\"PRDOUCE\",\"url\":\"https:\/\/www.producempresarial.pe\/\",\"logo\":{\"@type\":\"ImageObject\",\"inLanguage\":\"en-US\",\"@id\":\"https:\/\/www.producempresarial.pe\/#\/schema\/logo\/image\/\",\"url\":\"https:\/\/www.producempresarial.pe\/wp-content\/uploads\/2024\/02\/image-logo-share.png\",\"contentUrl\":\"https:\/\/www.producempresarial.pe\/wp-content\/uploads\/2024\/02\/image-logo-share.png\",\"width\":1200,\"height\":628,\"caption\":\"PRDOUCE\"},\"image\":{\"@id\":\"https:\/\/www.producempresarial.pe\/#\/schema\/logo\/image\/\"}},{\"@type\":\"Person\",\"@id\":\"https:\/\/www.producempresarial.pe\/#\/schema\/person\/6e13e1f2f8fc108ce3789cbdb23a5d21\",\"name\":\"admin\",\"sameAs\":[\"https:\/\/www.producempresarial.pe\"],\"url\":\"https:\/\/www.producempresarial.pe\/en\/author\/admin\/\"}]}<\/script>\n<!-- \/ Yoast SEO plugin. -->","yoast_head_json":{"title":"La productividad y el tejido empresarial peruano - Observatorio PRODUCEmpresarial","robots":{"index":"index","follow":"follow","max-snippet":"max-snippet:-1","max-image-preview":"max-image-preview:large","max-video-preview":"max-video-preview:-1"},"canonical":"https:\/\/www.producempresarial.pe\/en\/la-productividad-y-el-tejido-empresarial-peruano\/","og_locale":"en_US","og_type":"article","og_title":"La productividad y el tejido empresarial peruano - Observatorio PRODUCEmpresarial","og_description":"Desde la \u00f3ptica de los sistemas de producci\u00f3n e innovaci\u00f3n, se han creado diferentes&nbsp;programas e intervenciones que apuntan a una oferta de servicios p\u00fablicos que permita a las&nbsp;firmas transitar hacia una mejora en productividad. La mayor\u00eda de estos esfuerzos, todav\u00eda,&nbsp;requiere la madurez necesaria para lograr impactar oportuna y eficazmente en un tejido&nbsp;empresarial tan caracter\u00edstico","og_url":"https:\/\/www.producempresarial.pe\/en\/la-productividad-y-el-tejido-empresarial-peruano\/","og_site_name":"Observatorio PRODUCEmpresarial","article_published_time":"2024-01-28T05:05:47+00:00","article_modified_time":"2024-06-27T15:09:20+00:00","og_image":[{"width":300,"height":400,"url":"https:\/\/www.producempresarial.pe\/wp-content\/uploads\/2024\/01\/portada_productividad.jpeg","type":"image\/jpeg"}],"author":"admin","twitter_card":"summary_large_image","twitter_misc":{"Written por":"admin","Est. reading time":"1 minute"},"schema":{"@context":"https:\/\/schema.org","@graph":[{"@type":"Article","@id":"https:\/\/www.producempresarial.pe\/la-productividad-y-el-tejido-empresarial-peruano\/#article","isPartOf":{"@id":"https:\/\/www.producempresarial.pe\/la-productividad-y-el-tejido-empresarial-peruano\/"},"author":{"name":"admin","@id":"https:\/\/www.producempresarial.pe\/#\/schema\/person\/6e13e1f2f8fc108ce3789cbdb23a5d21"},"headline":"La productividad y el tejido empresarial peruano","datePublished":"2024-01-28T05:05:47+00:00","dateModified":"2024-06-27T15:09:20+00:00","mainEntityOfPage":{"@id":"https:\/\/www.producempresarial.pe\/la-productividad-y-el-tejido-empresarial-peruano\/"},"wordCount":78,"commentCount":0,"publisher":{"@id":"https:\/\/www.producempresarial.pe\/#organization"},"image":{"@id":"https:\/\/www.producempresarial.pe\/la-productividad-y-el-tejido-empresarial-peruano\/#primaryimage"},"thumbnailUrl":"https:\/\/www.producempresarial.pe\/wp-content\/uploads\/2024\/01\/portada_productividad.jpeg","articleSection":["Empresas en n\u00fameros","Publicaciones"],"inLanguage":"en-US","potentialAction":[{"@type":"CommentAction","name":"Comment","target":["https:\/\/www.producempresarial.pe\/la-productividad-y-el-tejido-empresarial-peruano\/#respond"]}]},{"@type":"WebPage","@id":"https:\/\/www.producempresarial.pe\/la-productividad-y-el-tejido-empresarial-peruano\/","url":"https:\/\/www.producempresarial.pe\/la-productividad-y-el-tejido-empresarial-peruano\/","name":"La productividad y el tejido empresarial peruano - Observatorio PRODUCEmpresarial","isPartOf":{"@id":"https:\/\/www.producempresarial.pe\/#website"},"primaryImageOfPage":{"@id":"https:\/\/www.producempresarial.pe\/la-productividad-y-el-tejido-empresarial-peruano\/#primaryimage"},"image":{"@id":"https:\/\/www.producempresarial.pe\/la-productividad-y-el-tejido-empresarial-peruano\/#primaryimage"},"thumbnailUrl":"https:\/\/www.producempresarial.pe\/wp-content\/uploads\/2024\/01\/portada_productividad.jpeg","datePublished":"2024-01-28T05:05:47+00:00","dateModified":"2024-06-27T15:09:20+00:00","breadcrumb":{"@id":"https:\/\/www.producempresarial.pe\/la-productividad-y-el-tejido-empresarial-peruano\/#breadcrumb"},"inLanguage":"en-US","potentialAction":[{"@type":"ReadAction","target":["https:\/\/www.producempresarial.pe\/la-productividad-y-el-tejido-empresarial-peruano\/"]}]},{"@type":"ImageObject","inLanguage":"en-US","@id":"https:\/\/www.producempresarial.pe\/la-productividad-y-el-tejido-empresarial-peruano\/#primaryimage","url":"https:\/\/www.producempresarial.pe\/wp-content\/uploads\/2024\/01\/portada_productividad.jpeg","contentUrl":"https:\/\/www.producempresarial.pe\/wp-content\/uploads\/2024\/01\/portada_productividad.jpeg","width":300,"height":400},{"@type":"BreadcrumbList","@id":"https:\/\/www.producempresarial.pe\/la-productividad-y-el-tejido-empresarial-peruano\/#breadcrumb","itemListElement":[{"@type":"ListItem","position":1,"name":"Home","item":"https:\/\/www.producempresarial.pe\/"},{"@type":"ListItem","position":2,"name":"La productividad y el tejido empresarial peruano"}]},{"@type":"WebSite","@id":"https:\/\/www.producempresarial.pe\/#website","url":"https:\/\/www.producempresarial.pe\/","name":"PRODUCEmpresarial Observatory","description":"Herramienta estrat\u00e9gica que integra y genera peri\u00f3dicamente evidencia y an\u00e1lisis sobre el desempe\u00f1o productivo del sector empresarial, as\u00ed como contribuye en la difusi\u00f3n de informaci\u00f3n y documentos t\u00e9cnicos anal\u00edticos y especializados sobre el desempe\u00f1o de las empresas en el Per\u00fa.","publisher":{"@id":"https:\/\/www.producempresarial.pe\/#organization"},"potentialAction":[{"@type":"SearchAction","target":{"@type":"EntryPoint","urlTemplate":"https:\/\/www.producempresarial.pe\/?s={search_term_string}"},"query-input":{"@type":"PropertyValueSpecification","valueRequired":true,"valueName":"search_term_string"}}],"inLanguage":"en-US"},{"@type":"Organization","@id":"https:\/\/www.producempresarial.pe\/#organization","name":"PRDOUCE","url":"https:\/\/www.producempresarial.pe\/","logo":{"@type":"ImageObject","inLanguage":"en-US","@id":"https:\/\/www.producempresarial.pe\/#\/schema\/logo\/image\/","url":"https:\/\/www.producempresarial.pe\/wp-content\/uploads\/2024\/02\/image-logo-share.png","contentUrl":"https:\/\/www.producempresarial.pe\/wp-content\/uploads\/2024\/02\/image-logo-share.png","width":1200,"height":628,"caption":"PRDOUCE"},"image":{"@id":"https:\/\/www.producempresarial.pe\/#\/schema\/logo\/image\/"}},{"@type":"Person","@id":"https:\/\/www.producempresarial.pe\/#\/schema\/person\/6e13e1f2f8fc108ce3789cbdb23a5d21","name":"admin","sameAs":["https:\/\/www.producempresarial.pe"],"url":"https:\/\/www.producempresarial.pe\/en\/author\/admin\/"}]}},"_links":{"self":[{"href":"https:\/\/www.producempresarial.pe\/en\/wp-json\/wp\/v2\/posts\/9601","targetHints":{"allow":["GET"]}}],"collection":[{"href":"https:\/\/www.producempresarial.pe\/en\/wp-json\/wp\/v2\/posts"}],"about":[{"href":"https:\/\/www.producempresarial.pe\/en\/wp-json\/wp\/v2\/types\/post"}],"author":[{"embeddable":true,"href":"https:\/\/www.producempresarial.pe\/en\/wp-json\/wp\/v2\/users\/1"}],"replies":[{"embeddable":true,"href":"https:\/\/www.producempresarial.pe\/en\/wp-json\/wp\/v2\/comments?post=9601"}],"version-history":[{"count":5,"href":"https:\/\/www.producempresarial.pe\/en\/wp-json\/wp\/v2\/posts\/9601\/revisions"}],"predecessor-version":[{"id":17834,"href":"https:\/\/www.producempresarial.pe\/en\/wp-json\/wp\/v2\/posts\/9601\/revisions\/17834"}],"wp:featuredmedia":[{"embeddable":true,"href":"https:\/\/www.producempresarial.pe\/en\/wp-json\/wp\/v2\/media\/9616"}],"wp:attachment":[{"href":"https:\/\/www.producempresarial.pe\/en\/wp-json\/wp\/v2\/media?parent=9601"}],"wp:term":[{"taxonomy":"category","embeddable":true,"href":"https:\/\/www.producempresarial.pe\/en\/wp-json\/wp\/v2\/categories?post=9601"},{"taxonomy":"post_tag","embeddable":true,"href":"https:\/\/www.producempresarial.pe\/en\/wp-json\/wp\/v2\/tags?post=9601"}],"curies":[{"name":"wp","href":"https:\/\/api.w.org\/{rel}","templated":true}]}}