{"id":9811,"date":"2024-01-28T05:18:07","date_gmt":"2024-01-28T10:18:07","guid":{"rendered":"https:\/\/www.producempresarial.pe\/?p=9811"},"modified":"2026-01-06T14:48:51","modified_gmt":"2026-01-06T19:48:51","slug":"desembarque-pesquero-artesanal-2013-2023","status":"publish","type":"post","link":"https:\/\/www.producempresarial.pe\/en\/desembarque-pesquero-artesanal-2013-2023\/","title":{"rendered":"Desembarque Pesquero Artesanal: 2013-2025"},"content":{"rendered":"<p>La base de datos &#8220;Desembarque Pesquero Artesanal: 2013-2025&#8221; ofrece un detallado registro mensual del volumen de desembarque pesquero de recursos hidrobiol\u00f3gicos. La informaci\u00f3n se desglosa seg\u00fan el tipo de utilizaci\u00f3n, especie capturada, regi\u00f3n geogr\u00e1fica y punto de desembarque. Este conjunto de datos brinda una visi\u00f3n integral de la actividad pesquera artesanal, permitiendo an\u00e1lisis detallados de patrones, cambios estacionales y evaluaciones espec\u00edficas durante el periodo de los a\u00f1os 2013 a setiembre 2025.<\/p>\n\n\n\n<div class=\"wp-block-file\"><a id=\"wp-block-file--media-eeb8501e-b05e-4fc4-b676-e538f769702c\" href=\"https:\/\/www.producempresarial.pe\/wp-content\/uploads\/2024\/01\/BD_PA_2013-2025-sep.xlsx\">BD_PA_2013-2025 sep<\/a><a href=\"https:\/\/www.producempresarial.pe\/wp-content\/uploads\/2024\/01\/BD_PA_2013-2025-sep.xlsx\" class=\"wp-block-file__button wp-element-button\" download aria-describedby=\"wp-block-file--media-eeb8501e-b05e-4fc4-b676-e538f769702c\">Descargar Base de Datos<\/a><\/div>","protected":false},"excerpt":{"rendered":"<p>La base de datos &#8220;Desembarque Pesquero Artesanal: 2013-2025&#8221; ofrece un detallado registro mensual del volumen de desembarque pesquero de recursos hidrobiol\u00f3gicos. La informaci\u00f3n se desglosa seg\u00fan el tipo de utilizaci\u00f3n, especie capturada, regi\u00f3n geogr\u00e1fica y punto de desembarque. Este conjunto de datos brinda una visi\u00f3n integral de la actividad pesquera artesanal, permitiendo an\u00e1lisis detallados de &#8230; <a title=\"Desembarque Pesquero Artesanal: 2013-2025\" class=\"read-more\" href=\"https:\/\/www.producempresarial.pe\/en\/desembarque-pesquero-artesanal-2013-2023\/\" aria-label=\"Read more about Desembarque Pesquero Artesanal: 2013-2025\">Read more<\/a><\/p>","protected":false},"author":3,"featured_media":9813,"comment_status":"open","ping_status":"open","sticky":false,"template":"","format":"standard","meta":{"_acf_changed":false,"footnotes":""},"categories":[264],"tags":[],"class_list":["post-9811","post","type-post","status-publish","format-standard","has-post-thumbnail","hentry","category-artesanal-base"],"acf":[],"yoast_head":"<!-- This site is optimized with the Yoast SEO plugin v27.1.1 - https:\/\/yoast.com\/product\/yoast-seo-wordpress\/ -->\n<title>Desembarque Pesquero Artesanal: 2013-2025 - Observatorio PRODUCEmpresarial<\/title>\n<meta name=\"robots\" content=\"index, follow, max-snippet:-1, max-image-preview:large, max-video-preview:-1\" \/>\n<link rel=\"canonical\" href=\"https:\/\/www.producempresarial.pe\/en\/desembarque-pesquero-artesanal-2013-2023\/\" \/>\n<meta property=\"og:locale\" content=\"en_US\" \/>\n<meta property=\"og:type\" content=\"article\" \/>\n<meta property=\"og:title\" content=\"Desembarque Pesquero Artesanal: 2013-2025 - Observatorio PRODUCEmpresarial\" \/>\n<meta property=\"og:description\" content=\"La base de datos &#8220;Desembarque Pesquero Artesanal: 2013-2025&#8221; ofrece un detallado registro mensual del volumen de desembarque pesquero de recursos hidrobiol\u00f3gicos. La informaci\u00f3n se desglosa seg\u00fan el tipo de utilizaci\u00f3n, especie capturada, regi\u00f3n geogr\u00e1fica y punto de desembarque. Este conjunto de datos brinda una visi\u00f3n integral de la actividad pesquera artesanal, permitiendo an\u00e1lisis detallados de ... Read more\" \/>\n<meta property=\"og:url\" content=\"https:\/\/www.producempresarial.pe\/en\/desembarque-pesquero-artesanal-2013-2023\/\" \/>\n<meta property=\"og:site_name\" content=\"Observatorio PRODUCEmpresarial\" \/>\n<meta property=\"article:published_time\" content=\"2024-01-28T10:18:07+00:00\" \/>\n<meta property=\"article:modified_time\" content=\"2026-01-06T19:48:51+00:00\" \/>\n<meta property=\"og:image\" content=\"https:\/\/www.producempresarial.pe\/wp-content\/uploads\/2024\/01\/imagen-base-de-datos-cooperativas-1.jpg\" \/>\n\t<meta property=\"og:image:width\" content=\"494\" \/>\n\t<meta property=\"og:image:height\" content=\"432\" \/>\n\t<meta property=\"og:image:type\" content=\"image\/jpeg\" \/>\n<meta name=\"author\" content=\"Harriet Gom\u00e9z Moncada\" \/>\n<meta name=\"twitter:card\" content=\"summary_large_image\" \/>\n<meta name=\"twitter:label1\" content=\"Written por\" \/>\n\t<meta name=\"twitter:data1\" content=\"Harriet Gom\u00e9z Moncada\" \/>\n\t<meta name=\"twitter:label2\" content=\"Est. reading time\" \/>\n\t<meta name=\"twitter:data2\" content=\"1 minute\" \/>\n<script type=\"application\/ld+json\" class=\"yoast-schema-graph\">{\"@context\":\"https:\/\/schema.org\",\"@graph\":[{\"@type\":\"Article\",\"@id\":\"https:\/\/www.producempresarial.pe\/desembarque-pesquero-artesanal-2013-2023\/#article\",\"isPartOf\":{\"@id\":\"https:\/\/www.producempresarial.pe\/desembarque-pesquero-artesanal-2013-2023\/\"},\"author\":{\"name\":\"Harriet Gom\u00e9z Moncada\",\"@id\":\"https:\/\/www.producempresarial.pe\/#\/schema\/person\/febcc1b19fdd38e99a8203a98d537164\"},\"headline\":\"Desembarque Pesquero Artesanal: 2013-2025\",\"datePublished\":\"2024-01-28T10:18:07+00:00\",\"dateModified\":\"2026-01-06T19:48:51+00:00\",\"mainEntityOfPage\":{\"@id\":\"https:\/\/www.producempresarial.pe\/desembarque-pesquero-artesanal-2013-2023\/\"},\"wordCount\":91,\"commentCount\":0,\"publisher\":{\"@id\":\"https:\/\/www.producempresarial.pe\/#organization\"},\"image\":{\"@id\":\"https:\/\/www.producempresarial.pe\/desembarque-pesquero-artesanal-2013-2023\/#primaryimage\"},\"thumbnailUrl\":\"https:\/\/www.producempresarial.pe\/wp-content\/uploads\/2024\/01\/imagen-base-de-datos-cooperativas-1.jpg\",\"articleSection\":[\"Base de datos\"],\"inLanguage\":\"en-US\",\"potentialAction\":[{\"@type\":\"CommentAction\",\"name\":\"Comment\",\"target\":[\"https:\/\/www.producempresarial.pe\/desembarque-pesquero-artesanal-2013-2023\/#respond\"]}]},{\"@type\":\"WebPage\",\"@id\":\"https:\/\/www.producempresarial.pe\/desembarque-pesquero-artesanal-2013-2023\/\",\"url\":\"https:\/\/www.producempresarial.pe\/desembarque-pesquero-artesanal-2013-2023\/\",\"name\":\"Desembarque Pesquero Artesanal: 2013-2025 - Observatorio PRODUCEmpresarial\",\"isPartOf\":{\"@id\":\"https:\/\/www.producempresarial.pe\/#website\"},\"primaryImageOfPage\":{\"@id\":\"https:\/\/www.producempresarial.pe\/desembarque-pesquero-artesanal-2013-2023\/#primaryimage\"},\"image\":{\"@id\":\"https:\/\/www.producempresarial.pe\/desembarque-pesquero-artesanal-2013-2023\/#primaryimage\"},\"thumbnailUrl\":\"https:\/\/www.producempresarial.pe\/wp-content\/uploads\/2024\/01\/imagen-base-de-datos-cooperativas-1.jpg\",\"datePublished\":\"2024-01-28T10:18:07+00:00\",\"dateModified\":\"2026-01-06T19:48:51+00:00\",\"breadcrumb\":{\"@id\":\"https:\/\/www.producempresarial.pe\/desembarque-pesquero-artesanal-2013-2023\/#breadcrumb\"},\"inLanguage\":\"en-US\",\"potentialAction\":[{\"@type\":\"ReadAction\",\"target\":[\"https:\/\/www.producempresarial.pe\/desembarque-pesquero-artesanal-2013-2023\/\"]}]},{\"@type\":\"ImageObject\",\"inLanguage\":\"en-US\",\"@id\":\"https:\/\/www.producempresarial.pe\/desembarque-pesquero-artesanal-2013-2023\/#primaryimage\",\"url\":\"https:\/\/www.producempresarial.pe\/wp-content\/uploads\/2024\/01\/imagen-base-de-datos-cooperativas-1.jpg\",\"contentUrl\":\"https:\/\/www.producempresarial.pe\/wp-content\/uploads\/2024\/01\/imagen-base-de-datos-cooperativas-1.jpg\",\"width\":494,\"height\":432},{\"@type\":\"BreadcrumbList\",\"@id\":\"https:\/\/www.producempresarial.pe\/desembarque-pesquero-artesanal-2013-2023\/#breadcrumb\",\"itemListElement\":[{\"@type\":\"ListItem\",\"position\":1,\"name\":\"Home\",\"item\":\"https:\/\/www.producempresarial.pe\/\"},{\"@type\":\"ListItem\",\"position\":2,\"name\":\"Desembarque Pesquero Artesanal: 2013-2025\"}]},{\"@type\":\"WebSite\",\"@id\":\"https:\/\/www.producempresarial.pe\/#website\",\"url\":\"https:\/\/www.producempresarial.pe\/\",\"name\":\"Observatorio PRODUCEmpresarial\",\"description\":\"Herramienta estrat\u00e9gica que integra y genera peri\u00f3dicamente evidencia y an\u00e1lisis sobre el desempe\u00f1o productivo del sector empresarial, as\u00ed como contribuye en la difusi\u00f3n de informaci\u00f3n y documentos t\u00e9cnicos anal\u00edticos y especializados sobre el desempe\u00f1o de las empresas en el Per\u00fa.\",\"publisher\":{\"@id\":\"https:\/\/www.producempresarial.pe\/#organization\"},\"potentialAction\":[{\"@type\":\"SearchAction\",\"target\":{\"@type\":\"EntryPoint\",\"urlTemplate\":\"https:\/\/www.producempresarial.pe\/?s={search_term_string}\"},\"query-input\":{\"@type\":\"PropertyValueSpecification\",\"valueRequired\":true,\"valueName\":\"search_term_string\"}}],\"inLanguage\":\"en-US\"},{\"@type\":\"Organization\",\"@id\":\"https:\/\/www.producempresarial.pe\/#organization\",\"name\":\"PRDOUCE\",\"url\":\"https:\/\/www.producempresarial.pe\/\",\"logo\":{\"@type\":\"ImageObject\",\"inLanguage\":\"en-US\",\"@id\":\"https:\/\/www.producempresarial.pe\/#\/schema\/logo\/image\/\",\"url\":\"https:\/\/www.producempresarial.pe\/wp-content\/uploads\/2024\/02\/image-logo-share.png\",\"contentUrl\":\"https:\/\/www.producempresarial.pe\/wp-content\/uploads\/2024\/02\/image-logo-share.png\",\"width\":1200,\"height\":628,\"caption\":\"PRDOUCE\"},\"image\":{\"@id\":\"https:\/\/www.producempresarial.pe\/#\/schema\/logo\/image\/\"}},{\"@type\":\"Person\",\"@id\":\"https:\/\/www.producempresarial.pe\/#\/schema\/person\/febcc1b19fdd38e99a8203a98d537164\",\"name\":\"Harriet Gom\u00e9z Moncada\",\"url\":\"https:\/\/www.producempresarial.pe\/en\/author\/hgomezm\/\"}]}<\/script>\n<!-- \/ Yoast SEO plugin. -->","yoast_head_json":{"title":"Desembarque Pesquero Artesanal: 2013-2025 - Observatorio PRODUCEmpresarial","robots":{"index":"index","follow":"follow","max-snippet":"max-snippet:-1","max-image-preview":"max-image-preview:large","max-video-preview":"max-video-preview:-1"},"canonical":"https:\/\/www.producempresarial.pe\/en\/desembarque-pesquero-artesanal-2013-2023\/","og_locale":"en_US","og_type":"article","og_title":"Desembarque Pesquero Artesanal: 2013-2025 - Observatorio PRODUCEmpresarial","og_description":"La base de datos &#8220;Desembarque Pesquero Artesanal: 2013-2025&#8221; ofrece un detallado registro mensual del volumen de desembarque pesquero de recursos hidrobiol\u00f3gicos. La informaci\u00f3n se desglosa seg\u00fan el tipo de utilizaci\u00f3n, especie capturada, regi\u00f3n geogr\u00e1fica y punto de desembarque. Este conjunto de datos brinda una visi\u00f3n integral de la actividad pesquera artesanal, permitiendo an\u00e1lisis detallados de ... Read more","og_url":"https:\/\/www.producempresarial.pe\/en\/desembarque-pesquero-artesanal-2013-2023\/","og_site_name":"Observatorio PRODUCEmpresarial","article_published_time":"2024-01-28T10:18:07+00:00","article_modified_time":"2026-01-06T19:48:51+00:00","og_image":[{"width":494,"height":432,"url":"https:\/\/www.producempresarial.pe\/wp-content\/uploads\/2024\/01\/imagen-base-de-datos-cooperativas-1.jpg","type":"image\/jpeg"}],"author":"Harriet Gom\u00e9z Moncada","twitter_card":"summary_large_image","twitter_misc":{"Written por":"Harriet Gom\u00e9z Moncada","Est. reading time":"1 minute"},"schema":{"@context":"https:\/\/schema.org","@graph":[{"@type":"Article","@id":"https:\/\/www.producempresarial.pe\/desembarque-pesquero-artesanal-2013-2023\/#article","isPartOf":{"@id":"https:\/\/www.producempresarial.pe\/desembarque-pesquero-artesanal-2013-2023\/"},"author":{"name":"Harriet Gom\u00e9z Moncada","@id":"https:\/\/www.producempresarial.pe\/#\/schema\/person\/febcc1b19fdd38e99a8203a98d537164"},"headline":"Desembarque Pesquero Artesanal: 2013-2025","datePublished":"2024-01-28T10:18:07+00:00","dateModified":"2026-01-06T19:48:51+00:00","mainEntityOfPage":{"@id":"https:\/\/www.producempresarial.pe\/desembarque-pesquero-artesanal-2013-2023\/"},"wordCount":91,"commentCount":0,"publisher":{"@id":"https:\/\/www.producempresarial.pe\/#organization"},"image":{"@id":"https:\/\/www.producempresarial.pe\/desembarque-pesquero-artesanal-2013-2023\/#primaryimage"},"thumbnailUrl":"https:\/\/www.producempresarial.pe\/wp-content\/uploads\/2024\/01\/imagen-base-de-datos-cooperativas-1.jpg","articleSection":["Base de datos"],"inLanguage":"en-US","potentialAction":[{"@type":"CommentAction","name":"Comment","target":["https:\/\/www.producempresarial.pe\/desembarque-pesquero-artesanal-2013-2023\/#respond"]}]},{"@type":"WebPage","@id":"https:\/\/www.producempresarial.pe\/desembarque-pesquero-artesanal-2013-2023\/","url":"https:\/\/www.producempresarial.pe\/desembarque-pesquero-artesanal-2013-2023\/","name":"Desembarque Pesquero Artesanal: 2013-2025 - Observatorio PRODUCEmpresarial","isPartOf":{"@id":"https:\/\/www.producempresarial.pe\/#website"},"primaryImageOfPage":{"@id":"https:\/\/www.producempresarial.pe\/desembarque-pesquero-artesanal-2013-2023\/#primaryimage"},"image":{"@id":"https:\/\/www.producempresarial.pe\/desembarque-pesquero-artesanal-2013-2023\/#primaryimage"},"thumbnailUrl":"https:\/\/www.producempresarial.pe\/wp-content\/uploads\/2024\/01\/imagen-base-de-datos-cooperativas-1.jpg","datePublished":"2024-01-28T10:18:07+00:00","dateModified":"2026-01-06T19:48:51+00:00","breadcrumb":{"@id":"https:\/\/www.producempresarial.pe\/desembarque-pesquero-artesanal-2013-2023\/#breadcrumb"},"inLanguage":"en-US","potentialAction":[{"@type":"ReadAction","target":["https:\/\/www.producempresarial.pe\/desembarque-pesquero-artesanal-2013-2023\/"]}]},{"@type":"ImageObject","inLanguage":"en-US","@id":"https:\/\/www.producempresarial.pe\/desembarque-pesquero-artesanal-2013-2023\/#primaryimage","url":"https:\/\/www.producempresarial.pe\/wp-content\/uploads\/2024\/01\/imagen-base-de-datos-cooperativas-1.jpg","contentUrl":"https:\/\/www.producempresarial.pe\/wp-content\/uploads\/2024\/01\/imagen-base-de-datos-cooperativas-1.jpg","width":494,"height":432},{"@type":"BreadcrumbList","@id":"https:\/\/www.producempresarial.pe\/desembarque-pesquero-artesanal-2013-2023\/#breadcrumb","itemListElement":[{"@type":"ListItem","position":1,"name":"Home","item":"https:\/\/www.producempresarial.pe\/"},{"@type":"ListItem","position":2,"name":"Desembarque Pesquero Artesanal: 2013-2025"}]},{"@type":"WebSite","@id":"https:\/\/www.producempresarial.pe\/#website","url":"https:\/\/www.producempresarial.pe\/","name":"PRODUCEmpresarial Observatory","description":"Herramienta estrat\u00e9gica que integra y genera peri\u00f3dicamente evidencia y an\u00e1lisis sobre el desempe\u00f1o productivo del sector empresarial, as\u00ed como contribuye en la difusi\u00f3n de informaci\u00f3n y documentos t\u00e9cnicos anal\u00edticos y especializados sobre el desempe\u00f1o de las empresas en el Per\u00fa.","publisher":{"@id":"https:\/\/www.producempresarial.pe\/#organization"},"potentialAction":[{"@type":"SearchAction","target":{"@type":"EntryPoint","urlTemplate":"https:\/\/www.producempresarial.pe\/?s={search_term_string}"},"query-input":{"@type":"PropertyValueSpecification","valueRequired":true,"valueName":"search_term_string"}}],"inLanguage":"en-US"},{"@type":"Organization","@id":"https:\/\/www.producempresarial.pe\/#organization","name":"PRDOUCE","url":"https:\/\/www.producempresarial.pe\/","logo":{"@type":"ImageObject","inLanguage":"en-US","@id":"https:\/\/www.producempresarial.pe\/#\/schema\/logo\/image\/","url":"https:\/\/www.producempresarial.pe\/wp-content\/uploads\/2024\/02\/image-logo-share.png","contentUrl":"https:\/\/www.producempresarial.pe\/wp-content\/uploads\/2024\/02\/image-logo-share.png","width":1200,"height":628,"caption":"PRDOUCE"},"image":{"@id":"https:\/\/www.producempresarial.pe\/#\/schema\/logo\/image\/"}},{"@type":"Person","@id":"https:\/\/www.producempresarial.pe\/#\/schema\/person\/febcc1b19fdd38e99a8203a98d537164","name":"Harriet Gom\u00e9z Moncada","url":"https:\/\/www.producempresarial.pe\/en\/author\/hgomezm\/"}]}},"_links":{"self":[{"href":"https:\/\/www.producempresarial.pe\/en\/wp-json\/wp\/v2\/posts\/9811","targetHints":{"allow":["GET"]}}],"collection":[{"href":"https:\/\/www.producempresarial.pe\/en\/wp-json\/wp\/v2\/posts"}],"about":[{"href":"https:\/\/www.producempresarial.pe\/en\/wp-json\/wp\/v2\/types\/post"}],"author":[{"embeddable":true,"href":"https:\/\/www.producempresarial.pe\/en\/wp-json\/wp\/v2\/users\/3"}],"replies":[{"embeddable":true,"href":"https:\/\/www.producempresarial.pe\/en\/wp-json\/wp\/v2\/comments?post=9811"}],"version-history":[{"count":6,"href":"https:\/\/www.producempresarial.pe\/en\/wp-json\/wp\/v2\/posts\/9811\/revisions"}],"predecessor-version":[{"id":28822,"href":"https:\/\/www.producempresarial.pe\/en\/wp-json\/wp\/v2\/posts\/9811\/revisions\/28822"}],"wp:featuredmedia":[{"embeddable":true,"href":"https:\/\/www.producempresarial.pe\/en\/wp-json\/wp\/v2\/media\/9813"}],"wp:attachment":[{"href":"https:\/\/www.producempresarial.pe\/en\/wp-json\/wp\/v2\/media?parent=9811"}],"wp:term":[{"taxonomy":"category","embeddable":true,"href":"https:\/\/www.producempresarial.pe\/en\/wp-json\/wp\/v2\/categories?post=9811"},{"taxonomy":"post_tag","embeddable":true,"href":"https:\/\/www.producempresarial.pe\/en\/wp-json\/wp\/v2\/tags?post=9811"}],"curies":[{"name":"wp","href":"https:\/\/api.w.org\/{rel}","templated":true}]}}