{"id":9970,"date":"2024-01-28T07:54:00","date_gmt":"2024-01-28T12:54:00","guid":{"rendered":"https:\/\/www.producempresarial.pe\/?p=9970"},"modified":"2026-03-06T16:26:46","modified_gmt":"2026-03-06T21:26:46","slug":"2023-ficha-tecnica-de-concha-de-abanico","status":"publish","type":"post","link":"https:\/\/www.producempresarial.pe\/en\/2023-ficha-tecnica-de-concha-de-abanico\/","title":{"rendered":"Socioeconomic development of the Concha de Abanico resource"},"content":{"rendered":"<p>The peruvian scallop (Argopecten purpuratus) is a resource that contains vitamin B12, a nutrient that helps in the maturation process of red blood cells, responsible for transporting oxygen to all parts of the body. It also contains proteins and amino acids, which help us to maintain healthy muscles, repair tissues and promote hormone synthesis, as well as selenium and phosphorus, important microminerals for metabolic processes and for the growth and maintenance of bones and teeth.<\/p>\n\n\n\n<div data-wp-interactive=\"core\/file\" class=\"wp-block-file\"><object data-wp-bind--hidden=\"!state.hasPdfPreview\" hidden class=\"wp-block-file__embed\" data=\"https:\/\/www.producempresarial.pe\/wp-content\/uploads\/2024\/01\/3.-Ficha-Recurso-Concha-de-Abanico_Dic-2025.pdf\" type=\"application\/pdf\" style=\"width:100%;height:600px\" aria-label=\"Embed of 3. Ficha Recurso Concha de Abanico_Dic 2025.\"><\/object><a id=\"wp-block-file--media-ee3a4f52-1d5f-406b-aa9c-393c9eb996c2\" href=\"https:\/\/www.producempresarial.pe\/wp-content\/uploads\/2024\/01\/3.-Ficha-Recurso-Concha-de-Abanico_Dic-2025.pdf\">3. Ficha Recurso Concha de Abanico_Dic 2025<\/a><a href=\"https:\/\/www.producempresarial.pe\/wp-content\/uploads\/2024\/01\/3.-Ficha-Recurso-Concha-de-Abanico_Dic-2025.pdf\" class=\"wp-block-file__button wp-element-button\" download aria-describedby=\"wp-block-file--media-ee3a4f52-1d5f-406b-aa9c-393c9eb996c2\">Download PDF<\/a><\/div>\n\n\n\n<div class=\"wp-block-file\"><a id=\"wp-block-file--media-1405049a-83f5-4eb7-b4aa-3cd2dbd07145\" href=\"https:\/\/www.producempresarial.pe\/wp-content\/uploads\/2024\/01\/3.-Ficha-Recurso-Concha-de-Abanico_Dic-2025.xlsx\">3. Ficha Recurso Concha de Abanico_Dic 2025<\/a><a href=\"https:\/\/www.producempresarial.pe\/wp-content\/uploads\/2024\/01\/3.-Ficha-Recurso-Concha-de-Abanico_Dic-2025.xlsx\" class=\"wp-block-file__button wp-element-button\" download aria-describedby=\"wp-block-file--media-1405049a-83f5-4eb7-b4aa-3cd2dbd07145\">Annex<\/a><\/div>","protected":false},"excerpt":{"rendered":"<p>La concha de abanico (Argopecten purpuratus) es un recurso que contiene vitamina B12, nutriente que ayuda en el proceso de maduraci\u00f3n de gl\u00f3bulos rojos, encargados de transportar ox\u00edgeno a todas las partes del cuerpo. Adem\u00e1s, contiene prote\u00ednas y amino\u00e1cidos, que nos sirve para mantener m\u00fasculos sanos, reparar tejidos y promover la s\u00edntesis hormonal y tambi\u00e9n &#8230; <a title=\"Socioeconomic development of the Concha de Abanico resource\" class=\"read-more\" href=\"https:\/\/www.producempresarial.pe\/en\/2023-ficha-tecnica-de-concha-de-abanico\/\" aria-label=\"Read more about Desenvolvimiento socioecon\u00f3mico del recurso Concha de Abanico\">Read more<\/a><\/p>","protected":false},"author":1,"featured_media":29637,"comment_status":"open","ping_status":"open","sticky":false,"template":"","format":"standard","meta":{"_acf_changed":false,"footnotes":""},"categories":[266],"tags":[],"class_list":["post-9970","post","type-post","status-publish","format-standard","has-post-thumbnail","hentry","category-acuicultura-fichas"],"acf":[],"yoast_head":"<!-- This site is optimized with the Yoast SEO plugin v27.1.1 - https:\/\/yoast.com\/product\/yoast-seo-wordpress\/ -->\n<title>Desenvolvimiento socioecon\u00f3mico del recurso Concha de Abanico - Observatorio PRODUCEmpresarial<\/title>\n<meta name=\"robots\" content=\"index, follow, max-snippet:-1, max-image-preview:large, max-video-preview:-1\" \/>\n<link rel=\"canonical\" href=\"https:\/\/www.producempresarial.pe\/en\/2023-ficha-tecnica-de-concha-de-abanico\/\" \/>\n<meta property=\"og:locale\" content=\"en_US\" \/>\n<meta property=\"og:type\" content=\"article\" \/>\n<meta property=\"og:title\" content=\"Desenvolvimiento socioecon\u00f3mico del recurso Concha de Abanico - Observatorio PRODUCEmpresarial\" \/>\n<meta property=\"og:description\" content=\"La concha de abanico (Argopecten purpuratus) es un recurso que contiene vitamina B12, nutriente que ayuda en el proceso de maduraci\u00f3n de gl\u00f3bulos rojos, encargados de transportar ox\u00edgeno a todas las partes del cuerpo. Adem\u00e1s, contiene prote\u00ednas y amino\u00e1cidos, que nos sirve para mantener m\u00fasculos sanos, reparar tejidos y promover la s\u00edntesis hormonal y tambi\u00e9n ... Read more\" \/>\n<meta property=\"og:url\" content=\"https:\/\/www.producempresarial.pe\/en\/2023-ficha-tecnica-de-concha-de-abanico\/\" \/>\n<meta property=\"og:site_name\" content=\"Observatorio PRODUCEmpresarial\" \/>\n<meta property=\"article:published_time\" content=\"2024-01-28T12:54:00+00:00\" \/>\n<meta property=\"article:modified_time\" content=\"2026-03-06T21:26:46+00:00\" \/>\n<meta property=\"og:image\" content=\"https:\/\/www.producempresarial.pe\/wp-content\/uploads\/2024\/01\/001concha.png\" \/>\n\t<meta property=\"og:image:width\" content=\"542\" \/>\n\t<meta property=\"og:image:height\" content=\"775\" \/>\n\t<meta property=\"og:image:type\" content=\"image\/png\" \/>\n<meta name=\"author\" content=\"admin\" \/>\n<meta name=\"twitter:card\" content=\"summary_large_image\" \/>\n<meta name=\"twitter:label1\" content=\"Written por\" \/>\n\t<meta name=\"twitter:data1\" content=\"admin\" \/>\n\t<meta name=\"twitter:label2\" content=\"Est. reading time\" \/>\n\t<meta name=\"twitter:data2\" content=\"1 minute\" \/>\n<script type=\"application\/ld+json\" class=\"yoast-schema-graph\">{\"@context\":\"https:\/\/schema.org\",\"@graph\":[{\"@type\":\"Article\",\"@id\":\"https:\/\/www.producempresarial.pe\/2023-ficha-tecnica-de-concha-de-abanico\/#article\",\"isPartOf\":{\"@id\":\"https:\/\/www.producempresarial.pe\/2023-ficha-tecnica-de-concha-de-abanico\/\"},\"author\":{\"name\":\"admin\",\"@id\":\"https:\/\/www.producempresarial.pe\/#\/schema\/person\/6e13e1f2f8fc108ce3789cbdb23a5d21\"},\"headline\":\"Desenvolvimiento socioecon\u00f3mico del recurso Concha de Abanico\",\"datePublished\":\"2024-01-28T12:54:00+00:00\",\"dateModified\":\"2026-03-06T21:26:46+00:00\",\"mainEntityOfPage\":{\"@id\":\"https:\/\/www.producempresarial.pe\/2023-ficha-tecnica-de-concha-de-abanico\/\"},\"wordCount\":108,\"commentCount\":0,\"publisher\":{\"@id\":\"https:\/\/www.producempresarial.pe\/#organization\"},\"image\":{\"@id\":\"https:\/\/www.producempresarial.pe\/2023-ficha-tecnica-de-concha-de-abanico\/#primaryimage\"},\"thumbnailUrl\":\"https:\/\/www.producempresarial.pe\/wp-content\/uploads\/2024\/01\/001concha.png\",\"articleSection\":[\"Fichas por Pesquerias\"],\"inLanguage\":\"en-US\",\"potentialAction\":[{\"@type\":\"CommentAction\",\"name\":\"Comment\",\"target\":[\"https:\/\/www.producempresarial.pe\/2023-ficha-tecnica-de-concha-de-abanico\/#respond\"]}]},{\"@type\":\"WebPage\",\"@id\":\"https:\/\/www.producempresarial.pe\/2023-ficha-tecnica-de-concha-de-abanico\/\",\"url\":\"https:\/\/www.producempresarial.pe\/2023-ficha-tecnica-de-concha-de-abanico\/\",\"name\":\"Desenvolvimiento socioecon\u00f3mico del recurso Concha de Abanico - Observatorio PRODUCEmpresarial\",\"isPartOf\":{\"@id\":\"https:\/\/www.producempresarial.pe\/#website\"},\"primaryImageOfPage\":{\"@id\":\"https:\/\/www.producempresarial.pe\/2023-ficha-tecnica-de-concha-de-abanico\/#primaryimage\"},\"image\":{\"@id\":\"https:\/\/www.producempresarial.pe\/2023-ficha-tecnica-de-concha-de-abanico\/#primaryimage\"},\"thumbnailUrl\":\"https:\/\/www.producempresarial.pe\/wp-content\/uploads\/2024\/01\/001concha.png\",\"datePublished\":\"2024-01-28T12:54:00+00:00\",\"dateModified\":\"2026-03-06T21:26:46+00:00\",\"breadcrumb\":{\"@id\":\"https:\/\/www.producempresarial.pe\/2023-ficha-tecnica-de-concha-de-abanico\/#breadcrumb\"},\"inLanguage\":\"en-US\",\"potentialAction\":[{\"@type\":\"ReadAction\",\"target\":[\"https:\/\/www.producempresarial.pe\/2023-ficha-tecnica-de-concha-de-abanico\/\"]}]},{\"@type\":\"ImageObject\",\"inLanguage\":\"en-US\",\"@id\":\"https:\/\/www.producempresarial.pe\/2023-ficha-tecnica-de-concha-de-abanico\/#primaryimage\",\"url\":\"https:\/\/www.producempresarial.pe\/wp-content\/uploads\/2024\/01\/001concha.png\",\"contentUrl\":\"https:\/\/www.producempresarial.pe\/wp-content\/uploads\/2024\/01\/001concha.png\",\"width\":542,\"height\":775},{\"@type\":\"BreadcrumbList\",\"@id\":\"https:\/\/www.producempresarial.pe\/2023-ficha-tecnica-de-concha-de-abanico\/#breadcrumb\",\"itemListElement\":[{\"@type\":\"ListItem\",\"position\":1,\"name\":\"Home\",\"item\":\"https:\/\/www.producempresarial.pe\/\"},{\"@type\":\"ListItem\",\"position\":2,\"name\":\"Desenvolvimiento socioecon\u00f3mico del recurso Concha de Abanico\"}]},{\"@type\":\"WebSite\",\"@id\":\"https:\/\/www.producempresarial.pe\/#website\",\"url\":\"https:\/\/www.producempresarial.pe\/\",\"name\":\"Observatorio PRODUCEmpresarial\",\"description\":\"Herramienta estrat\u00e9gica que integra y genera peri\u00f3dicamente evidencia y an\u00e1lisis sobre el desempe\u00f1o productivo del sector empresarial, as\u00ed como contribuye en la difusi\u00f3n de informaci\u00f3n y documentos t\u00e9cnicos anal\u00edticos y especializados sobre el desempe\u00f1o de las empresas en el Per\u00fa.\",\"publisher\":{\"@id\":\"https:\/\/www.producempresarial.pe\/#organization\"},\"potentialAction\":[{\"@type\":\"SearchAction\",\"target\":{\"@type\":\"EntryPoint\",\"urlTemplate\":\"https:\/\/www.producempresarial.pe\/?s={search_term_string}\"},\"query-input\":{\"@type\":\"PropertyValueSpecification\",\"valueRequired\":true,\"valueName\":\"search_term_string\"}}],\"inLanguage\":\"en-US\"},{\"@type\":\"Organization\",\"@id\":\"https:\/\/www.producempresarial.pe\/#organization\",\"name\":\"PRDOUCE\",\"url\":\"https:\/\/www.producempresarial.pe\/\",\"logo\":{\"@type\":\"ImageObject\",\"inLanguage\":\"en-US\",\"@id\":\"https:\/\/www.producempresarial.pe\/#\/schema\/logo\/image\/\",\"url\":\"https:\/\/www.producempresarial.pe\/wp-content\/uploads\/2024\/02\/image-logo-share.png\",\"contentUrl\":\"https:\/\/www.producempresarial.pe\/wp-content\/uploads\/2024\/02\/image-logo-share.png\",\"width\":1200,\"height\":628,\"caption\":\"PRDOUCE\"},\"image\":{\"@id\":\"https:\/\/www.producempresarial.pe\/#\/schema\/logo\/image\/\"}},{\"@type\":\"Person\",\"@id\":\"https:\/\/www.producempresarial.pe\/#\/schema\/person\/6e13e1f2f8fc108ce3789cbdb23a5d21\",\"name\":\"admin\",\"sameAs\":[\"https:\/\/www.producempresarial.pe\"],\"url\":\"https:\/\/www.producempresarial.pe\/en\/author\/admin\/\"}]}<\/script>\n<!-- \/ Yoast SEO plugin. -->","yoast_head_json":{"title":"Desenvolvimiento socioecon\u00f3mico del recurso Concha de Abanico - Observatorio PRODUCEmpresarial","robots":{"index":"index","follow":"follow","max-snippet":"max-snippet:-1","max-image-preview":"max-image-preview:large","max-video-preview":"max-video-preview:-1"},"canonical":"https:\/\/www.producempresarial.pe\/en\/2023-ficha-tecnica-de-concha-de-abanico\/","og_locale":"en_US","og_type":"article","og_title":"Desenvolvimiento socioecon\u00f3mico del recurso Concha de Abanico - Observatorio PRODUCEmpresarial","og_description":"La concha de abanico (Argopecten purpuratus) es un recurso que contiene vitamina B12, nutriente que ayuda en el proceso de maduraci\u00f3n de gl\u00f3bulos rojos, encargados de transportar ox\u00edgeno a todas las partes del cuerpo. Adem\u00e1s, contiene prote\u00ednas y amino\u00e1cidos, que nos sirve para mantener m\u00fasculos sanos, reparar tejidos y promover la s\u00edntesis hormonal y tambi\u00e9n ... Read more","og_url":"https:\/\/www.producempresarial.pe\/en\/2023-ficha-tecnica-de-concha-de-abanico\/","og_site_name":"Observatorio PRODUCEmpresarial","article_published_time":"2024-01-28T12:54:00+00:00","article_modified_time":"2026-03-06T21:26:46+00:00","og_image":[{"width":542,"height":775,"url":"https:\/\/www.producempresarial.pe\/wp-content\/uploads\/2024\/01\/001concha.png","type":"image\/png"}],"author":"admin","twitter_card":"summary_large_image","twitter_misc":{"Written por":"admin","Est. reading time":"1 minute"},"schema":{"@context":"https:\/\/schema.org","@graph":[{"@type":"Article","@id":"https:\/\/www.producempresarial.pe\/2023-ficha-tecnica-de-concha-de-abanico\/#article","isPartOf":{"@id":"https:\/\/www.producempresarial.pe\/2023-ficha-tecnica-de-concha-de-abanico\/"},"author":{"name":"admin","@id":"https:\/\/www.producempresarial.pe\/#\/schema\/person\/6e13e1f2f8fc108ce3789cbdb23a5d21"},"headline":"Desenvolvimiento socioecon\u00f3mico del recurso Concha de Abanico","datePublished":"2024-01-28T12:54:00+00:00","dateModified":"2026-03-06T21:26:46+00:00","mainEntityOfPage":{"@id":"https:\/\/www.producempresarial.pe\/2023-ficha-tecnica-de-concha-de-abanico\/"},"wordCount":108,"commentCount":0,"publisher":{"@id":"https:\/\/www.producempresarial.pe\/#organization"},"image":{"@id":"https:\/\/www.producempresarial.pe\/2023-ficha-tecnica-de-concha-de-abanico\/#primaryimage"},"thumbnailUrl":"https:\/\/www.producempresarial.pe\/wp-content\/uploads\/2024\/01\/001concha.png","articleSection":["Fichas por Pesquerias"],"inLanguage":"en-US","potentialAction":[{"@type":"CommentAction","name":"Comment","target":["https:\/\/www.producempresarial.pe\/2023-ficha-tecnica-de-concha-de-abanico\/#respond"]}]},{"@type":"WebPage","@id":"https:\/\/www.producempresarial.pe\/2023-ficha-tecnica-de-concha-de-abanico\/","url":"https:\/\/www.producempresarial.pe\/2023-ficha-tecnica-de-concha-de-abanico\/","name":"Desenvolvimiento socioecon\u00f3mico del recurso Concha de Abanico - Observatorio PRODUCEmpresarial","isPartOf":{"@id":"https:\/\/www.producempresarial.pe\/#website"},"primaryImageOfPage":{"@id":"https:\/\/www.producempresarial.pe\/2023-ficha-tecnica-de-concha-de-abanico\/#primaryimage"},"image":{"@id":"https:\/\/www.producempresarial.pe\/2023-ficha-tecnica-de-concha-de-abanico\/#primaryimage"},"thumbnailUrl":"https:\/\/www.producempresarial.pe\/wp-content\/uploads\/2024\/01\/001concha.png","datePublished":"2024-01-28T12:54:00+00:00","dateModified":"2026-03-06T21:26:46+00:00","breadcrumb":{"@id":"https:\/\/www.producempresarial.pe\/2023-ficha-tecnica-de-concha-de-abanico\/#breadcrumb"},"inLanguage":"en-US","potentialAction":[{"@type":"ReadAction","target":["https:\/\/www.producempresarial.pe\/2023-ficha-tecnica-de-concha-de-abanico\/"]}]},{"@type":"ImageObject","inLanguage":"en-US","@id":"https:\/\/www.producempresarial.pe\/2023-ficha-tecnica-de-concha-de-abanico\/#primaryimage","url":"https:\/\/www.producempresarial.pe\/wp-content\/uploads\/2024\/01\/001concha.png","contentUrl":"https:\/\/www.producempresarial.pe\/wp-content\/uploads\/2024\/01\/001concha.png","width":542,"height":775},{"@type":"BreadcrumbList","@id":"https:\/\/www.producempresarial.pe\/2023-ficha-tecnica-de-concha-de-abanico\/#breadcrumb","itemListElement":[{"@type":"ListItem","position":1,"name":"Home","item":"https:\/\/www.producempresarial.pe\/"},{"@type":"ListItem","position":2,"name":"Desenvolvimiento socioecon\u00f3mico del recurso Concha de Abanico"}]},{"@type":"WebSite","@id":"https:\/\/www.producempresarial.pe\/#website","url":"https:\/\/www.producempresarial.pe\/","name":"PRODUCEmpresarial Observatory","description":"Herramienta estrat\u00e9gica que integra y genera peri\u00f3dicamente evidencia y an\u00e1lisis sobre el desempe\u00f1o productivo del sector empresarial, as\u00ed como contribuye en la difusi\u00f3n de informaci\u00f3n y documentos t\u00e9cnicos anal\u00edticos y especializados sobre el desempe\u00f1o de las empresas en el Per\u00fa.","publisher":{"@id":"https:\/\/www.producempresarial.pe\/#organization"},"potentialAction":[{"@type":"SearchAction","target":{"@type":"EntryPoint","urlTemplate":"https:\/\/www.producempresarial.pe\/?s={search_term_string}"},"query-input":{"@type":"PropertyValueSpecification","valueRequired":true,"valueName":"search_term_string"}}],"inLanguage":"en-US"},{"@type":"Organization","@id":"https:\/\/www.producempresarial.pe\/#organization","name":"PRDOUCE","url":"https:\/\/www.producempresarial.pe\/","logo":{"@type":"ImageObject","inLanguage":"en-US","@id":"https:\/\/www.producempresarial.pe\/#\/schema\/logo\/image\/","url":"https:\/\/www.producempresarial.pe\/wp-content\/uploads\/2024\/02\/image-logo-share.png","contentUrl":"https:\/\/www.producempresarial.pe\/wp-content\/uploads\/2024\/02\/image-logo-share.png","width":1200,"height":628,"caption":"PRDOUCE"},"image":{"@id":"https:\/\/www.producempresarial.pe\/#\/schema\/logo\/image\/"}},{"@type":"Person","@id":"https:\/\/www.producempresarial.pe\/#\/schema\/person\/6e13e1f2f8fc108ce3789cbdb23a5d21","name":"admin","sameAs":["https:\/\/www.producempresarial.pe"],"url":"https:\/\/www.producempresarial.pe\/en\/author\/admin\/"}]}},"_links":{"self":[{"href":"https:\/\/www.producempresarial.pe\/en\/wp-json\/wp\/v2\/posts\/9970","targetHints":{"allow":["GET"]}}],"collection":[{"href":"https:\/\/www.producempresarial.pe\/en\/wp-json\/wp\/v2\/posts"}],"about":[{"href":"https:\/\/www.producempresarial.pe\/en\/wp-json\/wp\/v2\/types\/post"}],"author":[{"embeddable":true,"href":"https:\/\/www.producempresarial.pe\/en\/wp-json\/wp\/v2\/users\/1"}],"replies":[{"embeddable":true,"href":"https:\/\/www.producempresarial.pe\/en\/wp-json\/wp\/v2\/comments?post=9970"}],"version-history":[{"count":22,"href":"https:\/\/www.producempresarial.pe\/en\/wp-json\/wp\/v2\/posts\/9970\/revisions"}],"predecessor-version":[{"id":29639,"href":"https:\/\/www.producempresarial.pe\/en\/wp-json\/wp\/v2\/posts\/9970\/revisions\/29639"}],"wp:featuredmedia":[{"embeddable":true,"href":"https:\/\/www.producempresarial.pe\/en\/wp-json\/wp\/v2\/media\/29637"}],"wp:attachment":[{"href":"https:\/\/www.producempresarial.pe\/en\/wp-json\/wp\/v2\/media?parent=9970"}],"wp:term":[{"taxonomy":"category","embeddable":true,"href":"https:\/\/www.producempresarial.pe\/en\/wp-json\/wp\/v2\/categories?post=9970"},{"taxonomy":"post_tag","embeddable":true,"href":"https:\/\/www.producempresarial.pe\/en\/wp-json\/wp\/v2\/tags?post=9970"}],"curies":[{"name":"wp","href":"https:\/\/api.w.org\/{rel}","templated":true}]}}